{"id":15959,"date":"2024-01-26T16:21:23","date_gmt":"2024-01-26T16:21:23","guid":{"rendered":"https:\/\/avilaspaces.com\/?p=15959"},"modified":"2026-04-23T13:40:47","modified_gmt":"2026-04-23T13:40:47","slug":"avila-spaces-officially-opens-cowork-cafe","status":"publish","type":"post","link":"https:\/\/avilaspaces.com\/en\/blog\/company-news\/avila-spaces-officially-opens-cowork-cafe\/","title":{"rendered":"Avila Spaces Officially Opens Cowork Caf\u00e9"},"content":{"rendered":"\t\t<div data-elementor-type=\"wp-post\" data-elementor-id=\"15959\" class=\"elementor elementor-15959\" data-elementor-post-type=\"post\">\n\t\t\t\t<div class=\"elementor-element elementor-element-ac66b2a e-con-full e-flex e-con e-parent\" data-id=\"ac66b2a\" data-element_type=\"container\" data-e-type=\"container\">\n\t\t<div class=\"elementor-element elementor-element-af717a1 e-flex e-con-boxed e-con e-child\" data-id=\"af717a1\" data-element_type=\"container\" data-e-type=\"container\">\n\t\t\t\t\t<div class=\"e-con-inner\">\n\t\t\t\t<div class=\"elementor-element elementor-element-e853e9f elementor-widget elementor-widget-shortcode\" data-id=\"e853e9f\" data-element_type=\"widget\" data-e-type=\"widget\" data-widget_type=\"shortcode.default\">\n\t\t\t\t\t\t\t<div class=\"elementor-shortcode\"><\/div>\n\t\t\t\t\t\t<\/div>\n\t\t\t\t<div class=\"elementor-element elementor-element-3955e80 elementor-widget__width-initial elementor-widget elementor-widget-heading\" data-id=\"3955e80\" data-element_type=\"widget\" data-e-type=\"widget\" data-widget_type=\"heading.default\">\n\t\t\t\t\t<h1 class=\"elementor-heading-title elementor-size-default\">Avila Spaces Officially Opens Cowork Caf\u00e9<\/h1>\t\t\t\t<\/div>\n\t\t\t\t<div class=\"elementor-element elementor-element-c479311 elementor-hidden-mobile elementor-widget elementor-widget-shortcode\" data-id=\"c479311\" data-element_type=\"widget\" data-e-type=\"widget\" data-widget_type=\"shortcode.default\">\n\t\t\t\t\t\t\t<div class=\"elementor-shortcode\"><div class=\"article-info\"><span class=\"date\">26 Jan 2024<\/span><span class=\"author\">By<label>Avila Spaces<\/label><\/span><\/div><\/div>\n\t\t\t\t\t\t<\/div>\n\t\t\t\t<div class=\"elementor-element elementor-element-7568962 elementor-widget-divider--view-line elementor-widget elementor-widget-divider\" data-id=\"7568962\" data-element_type=\"widget\" data-e-type=\"widget\" data-widget_type=\"divider.default\">\n\t\t\t\t\t\t\t<div class=\"elementor-divider\">\n\t\t\t<span class=\"elementor-divider-separator\">\n\t\t\t\t\t\t<\/span>\n\t\t<\/div>\n\t\t\t\t\t\t<\/div>\n\t\t\t\t<div class=\"elementor-element elementor-element-ee2df4a elementor-widget elementor-widget-text-editor\" data-id=\"ee2df4a\" data-element_type=\"widget\" data-e-type=\"widget\" data-widget_type=\"text-editor.default\">\n\t\t\t\t\t\t\t\t\tAfter a soft opening since the beginning of December, the Cowork Caf\u00e9 was officially inaugurated in Parque das Na\u00e7\u00f5es, with the presence of the Mayor of Lisbon, Carlos Moedas. Occupancy is already exceeding 50%.\t\t\t\t\t\t\t\t<\/div>\n\t\t\t\t<div class=\"elementor-element elementor-element-2cb688f elementor-widget elementor-widget-text-editor\" data-id=\"2cb688f\" data-element_type=\"widget\" data-e-type=\"widget\" data-widget_type=\"text-editor.default\">\n\t\t\t\t\t\t\t\t\t<p>Avila Spaces, known for its innovative workspaces, officially inaugurated its third hybrid work, coworking, and private office space in Parque das Na\u00e7\u00f5es on January 24th, following about a month of soft opening. This event marks the beginning of Avila&#8217;s celebrations for its twentieth anniversary in 2024.<\/p><p>The inauguration was attended by notable figures, including the Mayor of Lisbon, Carlos Moedas; Councillor Diogo Moura from the city council; Carlos Ardisson, the Mayor of the Parque das Na\u00e7\u00f5es Parish Council; and Miguel Franco de Sousa, the President of the Portuguese Golf Federation, a key partner of Avila Spaces.<\/p>\t\t\t\t\t\t\t\t<\/div>\n\t\t\t\t<div class=\"elementor-element elementor-element-2cc4ce3 elementor-widget elementor-widget-heading\" data-id=\"2cc4ce3\" data-element_type=\"widget\" data-e-type=\"widget\" data-widget_type=\"heading.default\">\n\t\t\t\t\t<h3 class=\"elementor-heading-title elementor-size-default\">\"This event marks the beginning of Avila's celebrations for its twentieth anniversary in 2024.\"<\/h3>\t\t\t\t<\/div>\n\t\t\t\t<div class=\"elementor-element elementor-element-c56fd56 elementor-widget elementor-widget-text-editor\" data-id=\"c56fd56\" data-element_type=\"widget\" data-e-type=\"widget\" data-widget_type=\"text-editor.default\">\n\t\t\t\t\t\t\t\t\t<p>This new offering from Avila Spaces, honored as the Best Coworking in the World at the 2023 Global Startup Awards, addresses the growing demand from companies adopting the hybrid work model. According to Carlos Gon\u00e7alves, CEO of Avila Spaces, this model combines &#8220;the best of both worlds: freedom of movement and an all-inclusive regime, allowing employees to work from various locations in the city.&#8221;<\/p><p>The Cowork Caf\u00e9 is currently over 50% occupied, attracting major companies such as Bridgestone, Talkdesk, and Intellias. Spanning two floors (700 + 300 square meters) in the Expo 98 building on Av. D. Jo\u00e3o II, Lote 1.07.2.1, the Cowork Caf\u00e9 is conveniently located five minutes from the metro and Oriente train station, and ten minutes from Lisbon Airport.<\/p>\t\t\t\t\t\t\t\t<\/div>\n\t\t\t\t<div class=\"elementor-element elementor-element-c75aa34 elementor-widget elementor-widget-text-editor\" data-id=\"c75aa34\" data-element_type=\"widget\" data-e-type=\"widget\" data-widget_type=\"text-editor.default\">\n\t\t\t\t\t\t\t\t\t<div>Featuring 12\u00a0<span style=\"color: #d26900;\"><a style=\"color: #d26900;\" href=\"http:\/\/avilaspaces.com\/en\/services\/rental-offices-lisbon\/\" target=\"_blank\" rel=\"noopener\">private offices<\/a><\/span>\u00a0(168 workstations), 128\u00a0<span style=\"color: #d26900;\"><a style=\"color: #d26900;\" href=\"http:\/\/avilaspaces.com\/en\/services\/coworking-lisbon\/\" target=\"_blank\" rel=\"noopener\">coworking spaces<\/a><\/span>, 15 phone booths, 9\u00a0<span style=\"color: #d26900;\"><a style=\"color: #d26900;\" href=\"http:\/\/avilaspaces.com\/en\/services\/meeting-room-lisbon\/\" target=\"_blank\" rel=\"noopener\">meeting rooms<\/a><\/span>, an Innovation Room for brainstorming, and an auditorium with a maximum capacity of 100 people on the ground floor, the Cowork Caf\u00e9 offers a total of 1,300 square meters. The first floor houses Avila&#8217;s barista service.<\/div><div><p>Coworking spaces are available from 220 euros\/month or 22 euros\/day + VAT (for the purchase of ten-day packs), while private offices start at 400 euros\/month per workstation. Clients have the flexibility to use all three locations by paying a single monthly fee. Detailed information about Avila Spaces&#8217; plans and services in the Business Lounge, Work City, and Cowork Caf\u00e9 is available at<span style=\"color: #d26900;\">\u00a0<\/span><a href=\"http:\/\/avilaspaces.com\/en\/\" target=\"_blank\" rel=\"noopener\"><span style=\"color: #d26900;\">avilaspaces.com<\/span><\/a>.<\/p><p>Watch here the best moments from the inauguration of Avila Spaces&#8217; third office and coworking space in Parque das Na\u00e7\u00f5es:\u00a0<span style=\"color: #d26900;\"><a style=\"color: #d26900;\" href=\"https:\/\/youtu.be\/9Er_hRKUgfs\" target=\"_blank\" rel=\"noopener\">https:\/\/youtu.be\/9Er_hRKUgfs<\/a><\/span><\/p><\/div>\t\t\t\t\t\t\t\t<\/div>\n\t\t\t\t\t<\/div>\n\t\t\t\t<\/div>\n\t\t\t\t<\/div>\n\t\t<div class=\"elementor-element elementor-element-69eebba e-flex e-con-boxed e-con e-parent\" data-id=\"69eebba\" data-element_type=\"container\" data-e-type=\"container\">\n\t\t\t\t\t<div class=\"e-con-inner\">\n\t\t\t\t<div class=\"elementor-element elementor-element-b4aebc9 elementor-widget-divider--view-line elementor-widget elementor-widget-divider\" data-id=\"b4aebc9\" data-element_type=\"widget\" data-e-type=\"widget\" data-widget_type=\"divider.default\">\n\t\t\t\t\t\t\t<div class=\"elementor-divider\">\n\t\t\t<span class=\"elementor-divider-separator\">\n\t\t\t\t\t\t<\/span>\n\t\t<\/div>\n\t\t\t\t\t\t<\/div>\n\t\t\t\t\t<\/div>\n\t\t\t\t<\/div>\n\t\t<div class=\"elementor-element elementor-element-491ad1c e-con-full e-flex e-con e-parent\" data-id=\"491ad1c\" data-element_type=\"container\" data-e-type=\"container\">\n\t\t\t\t<div class=\"elementor-element elementor-element-3963d0c elementor-widget elementor-widget-shortcode\" data-id=\"3963d0c\" data-element_type=\"widget\" data-e-type=\"widget\" data-widget_type=\"shortcode.default\">\n\t\t\t\t\t\t\t<div class=\"elementor-shortcode\">\t\t<div data-elementor-type=\"section\" data-elementor-id=\"2921\" class=\"elementor elementor-2921\" data-elementor-post-type=\"elementor_library\">\n\t\t\t<div class=\"elementor-element elementor-element-a2fcb72 e-con-full e-flex e-con e-parent\" data-id=\"a2fcb72\" data-element_type=\"container\" data-e-type=\"container\">\n\t\t<div class=\"elementor-element elementor-element-6e708d0 e-flex e-con-boxed e-con e-child\" data-id=\"6e708d0\" data-element_type=\"container\" data-e-type=\"container\">\n\t\t\t\t\t<div class=\"e-con-inner\">\n\t\t\t\t<div class=\"elementor-element elementor-element-8fb6688 elementor-align-justify elementor-widget__width-initial news-tab-show elementor-widget elementor-widget-button\" data-id=\"8fb6688\" data-element_type=\"widget\" data-e-type=\"widget\" id=\"read-more\" data-widget_type=\"button.default\">\n\t\t\t\t\t\t\t\t\t\t<a class=\"elementor-button elementor-size-sm\" role=\"button\">\n\t\t\t\t\t\t<span class=\"elementor-button-content-wrapper\">\n\t\t\t\t\t\t\t\t\t<span class=\"elementor-button-text\">read more<\/span>\n\t\t\t\t\t<\/span>\n\t\t\t\t\t<\/a>\n\t\t\t\t\t\t\t\t<\/div>\n\t\t\t\t<div class=\"elementor-element elementor-element-a498d68 elementor-align-justify elementor-widget__width-initial news-tab-show elementor-widget elementor-widget-button\" data-id=\"a498d68\" data-element_type=\"widget\" data-e-type=\"widget\" id=\"featured\" data-widget_type=\"button.default\">\n\t\t\t\t\t\t\t\t\t\t<a class=\"elementor-button elementor-size-sm\" role=\"button\">\n\t\t\t\t\t\t<span class=\"elementor-button-content-wrapper\">\n\t\t\t\t\t\t\t\t\t<span class=\"elementor-button-text\">featured<\/span>\n\t\t\t\t\t<\/span>\n\t\t\t\t\t<\/a>\n\t\t\t\t\t\t\t\t<\/div>\n\t\t\t\t\t<\/div>\n\t\t\t\t<\/div>\n\t\t<div class=\"elementor-element elementor-element-551e6af e-flex e-con-boxed e-con e-child\" data-id=\"551e6af\" data-element_type=\"container\" data-e-type=\"container\">\n\t\t\t\t\t<div class=\"e-con-inner\">\n\t\t<div class=\"elementor-element elementor-element-5315e34 e-con-full news-content-show e-flex e-con e-child\" data-id=\"5315e34\" data-element_type=\"container\" data-e-type=\"container\" id=\"read-more\">\n\t\t\t\t<div class=\"elementor-element elementor-element-3b043a7 elementor-hidden-tablet elementor-hidden-mobile elementor-widget elementor-widget-heading\" data-id=\"3b043a7\" data-element_type=\"widget\" data-e-type=\"widget\" data-widget_type=\"heading.default\">\n\t\t\t\t\t<h5 class=\"elementor-heading-title elementor-size-default\">Read More<\/h5>\t\t\t\t<\/div>\n\t\t\t\t<div class=\"elementor-element elementor-element-e042585 elementor-grid-1 elementor-posts--thumbnail-left home-skin-blog elementor-grid-tablet-1 elementor-grid-mobile-1 elementor-widget elementor-widget-posts\" data-id=\"e042585\" data-element_type=\"widget\" data-e-type=\"widget\" data-settings=\"{&quot;skin_blog_columns&quot;:&quot;1&quot;,&quot;skin_blog_row_gap&quot;:{&quot;unit&quot;:&quot;px&quot;,&quot;size&quot;:24,&quot;sizes&quot;:[]},&quot;skin_blog_columns_tablet&quot;:&quot;1&quot;,&quot;skin_blog_columns_mobile&quot;:&quot;1&quot;,&quot;skin_blog_row_gap_laptop&quot;:{&quot;unit&quot;:&quot;px&quot;,&quot;size&quot;:&quot;&quot;,&quot;sizes&quot;:[]},&quot;skin_blog_row_gap_tablet&quot;:{&quot;unit&quot;:&quot;px&quot;,&quot;size&quot;:&quot;&quot;,&quot;sizes&quot;:[]},&quot;skin_blog_row_gap_mobile&quot;:{&quot;unit&quot;:&quot;px&quot;,&quot;size&quot;:&quot;&quot;,&quot;sizes&quot;:[]}}\" data-widget_type=\"posts.skin_blog\">\n\t\t\t\t<div class=\"elementor-widget-container\">\n\t\t\t\t\t\t\t<div class=\"elementor-posts-container elementor-posts elementor-posts--skin-skin_blog elementor-grid\" role=\"list\">\n\t\t        <article class=\"elementor-post elementor-grid-item post-16305 post type-post status-publish format-standard has-post-thumbnail hentry category-company-news\">\n            \n            <a href=\"https:\/\/avilaspaces.com\/en\/blog\/company-news\/avila-spaces-is-great-place-to-work-2026\/\" class=\"elementor-post__thumbnail__link\">\n                <div class=\"elementor-post__thumbnail\">\n                                            <img decoding=\"async\" src=\"https:\/\/avilaspaces.com\/wp-content\/uploads\/2026\/04\/Eventos-Office-RnD-10-1.jpg\" alt=\"Avila Spaces is Great Place to Work 2026\">\n                                    <\/div>\n            <\/a>\n        \n            <div class=\"elementor-post__text\">\n            \n                <div class=\"elementor-post__meta-data\">\n                                                                        <span class=\"elementor-post__category\">Company News<\/span>\n                                                            <\/div>\n                \n                \t\t<h5 class=\"elementor-post__title\">\n\t\t\t<a href=\"https:\/\/avilaspaces.com\/en\/blog\/company-news\/avila-spaces-is-great-place-to-work-2026\/\">\n\t\t\t\tAvila Spaces is Great Place to Work 2026\t\t\t<\/a>\n\t\t<\/h5>\n\t\t                \n                                \n                                    \n            <\/div>\n        \n        <\/article>\n                <article class=\"elementor-post elementor-grid-item post-15651 post type-post status-publish format-standard has-post-thumbnail hentry category-uncategorized\">\n            \n            <a href=\"https:\/\/avilaspaces.com\/en\/blog\/uncategorized\/5-reasons-to-work-in-lisbon-portugal\/\" class=\"elementor-post__thumbnail__link\">\n                <div class=\"elementor-post__thumbnail\">\n                                            <img decoding=\"async\" src=\"https:\/\/avilaspaces.com\/wp-content\/uploads\/2025\/10\/Avila-Lounge-Atrium-12-3-scaled.jpg\" alt=\"5 Reasons to Work in Lisbon, Portugal\">\n                                    <\/div>\n            <\/a>\n        \n            <div class=\"elementor-post__text\">\n            \n                <div class=\"elementor-post__meta-data\">\n                                                                        <span class=\"elementor-post__category\">Uncategorized<\/span>\n                                                            <\/div>\n                \n                \t\t<h5 class=\"elementor-post__title\">\n\t\t\t<a href=\"https:\/\/avilaspaces.com\/en\/blog\/uncategorized\/5-reasons-to-work-in-lisbon-portugal\/\">\n\t\t\t\t5 Reasons to Work in Lisbon, Portugal\t\t\t<\/a>\n\t\t<\/h5>\n\t\t                \n                                \n                                    \n            <\/div>\n        \n        <\/article>\n                <article class=\"elementor-post elementor-grid-item post-1633 post type-post status-publish format-standard has-post-thumbnail hentry category-office-space\">\n            \n            <a href=\"https:\/\/avilaspaces.com\/en\/blog\/office-space\/avila-insight-talks-sharing-ideas-and-networking-at-atrium-saldanha\/\" class=\"elementor-post__thumbnail__link\">\n                <div class=\"elementor-post__thumbnail\">\n                                            <img decoding=\"async\" src=\"https:\/\/avilaspaces.com\/wp-content\/uploads\/2025\/09\/PMP-102-scaled.jpg\" alt=\"Avila Insight Talks: Sharing Ideas and Networking at Atrium Saldanha\">\n                                    <\/div>\n            <\/a>\n        \n            <div class=\"elementor-post__text\">\n            \n                <div class=\"elementor-post__meta-data\">\n                                                                        <span class=\"elementor-post__category\">Office Space<\/span>\n                                                            <\/div>\n                \n                \t\t<h5 class=\"elementor-post__title\">\n\t\t\t<a href=\"https:\/\/avilaspaces.com\/en\/blog\/office-space\/avila-insight-talks-sharing-ideas-and-networking-at-atrium-saldanha\/\">\n\t\t\t\tAvila Insight Talks: Sharing Ideas and Networking at Atrium Saldanha\t\t\t<\/a>\n\t\t<\/h5>\n\t\t                \n                                \n                                    \n            <\/div>\n        \n        <\/article>\n        \t\t<\/div>\n\t\t\n\t\t\t\t\t\t<\/div>\n\t\t\t\t<\/div>\n\t\t\t\t<\/div>\n\t\t<div class=\"elementor-element elementor-element-a6777b9 e-con-full news-content-show e-flex e-con e-child\" data-id=\"a6777b9\" data-element_type=\"container\" data-e-type=\"container\" id=\"featured\">\n\t\t\t\t<div class=\"elementor-element elementor-element-2e32761 elementor-hidden-tablet elementor-hidden-mobile elementor-widget elementor-widget-heading\" data-id=\"2e32761\" data-element_type=\"widget\" data-e-type=\"widget\" data-widget_type=\"heading.default\">\n\t\t\t\t\t<h5 class=\"elementor-heading-title elementor-size-default\">featured news<\/h5>\t\t\t\t<\/div>\n\t\t\t\t<div class=\"elementor-element elementor-element-2fa9699 elementor-grid-1 elementor-posts--thumbnail-left home-skin-blog elementor-grid-tablet-1 elementor-grid-mobile-1 elementor-widget elementor-widget-posts\" data-id=\"2fa9699\" data-element_type=\"widget\" data-e-type=\"widget\" data-settings=\"{&quot;skin_blog_columns&quot;:&quot;1&quot;,&quot;skin_blog_row_gap&quot;:{&quot;unit&quot;:&quot;px&quot;,&quot;size&quot;:24,&quot;sizes&quot;:[]},&quot;skin_blog_columns_tablet&quot;:&quot;1&quot;,&quot;skin_blog_columns_mobile&quot;:&quot;1&quot;,&quot;skin_blog_row_gap_laptop&quot;:{&quot;unit&quot;:&quot;px&quot;,&quot;size&quot;:&quot;&quot;,&quot;sizes&quot;:[]},&quot;skin_blog_row_gap_tablet&quot;:{&quot;unit&quot;:&quot;px&quot;,&quot;size&quot;:&quot;&quot;,&quot;sizes&quot;:[]},&quot;skin_blog_row_gap_mobile&quot;:{&quot;unit&quot;:&quot;px&quot;,&quot;size&quot;:&quot;&quot;,&quot;sizes&quot;:[]}}\" data-widget_type=\"posts.skin_blog\">\n\t\t\t\t<div class=\"elementor-widget-container\">\n\t\t\t\t\t\t\t<div class=\"elementor-posts-container elementor-posts elementor-posts--skin-skin_blog elementor-grid\" role=\"list\">\n\t\t        <article class=\"elementor-post elementor-grid-item post-1636 post type-post status-publish format-standard has-post-thumbnail hentry category-featured category-virtual-office\">\n            \n            <a href=\"https:\/\/avilaspaces.com\/en\/blog\/virtual-office\/the-importance-of-wellbeing-in-talent-retention\/\" class=\"elementor-post__thumbnail__link\">\n                <div class=\"elementor-post__thumbnail\">\n                                            <img decoding=\"async\" src=\"https:\/\/avilaspaces.com\/wp-content\/uploads\/2025\/10\/Homem-a-trabalhar-em-lounge-moderno-1.png\" alt=\"The Importance of Wellbeing in Talent Retention\">\n                                    <\/div>\n            <\/a>\n        \n            <div class=\"elementor-post__text\">\n            \n                <div class=\"elementor-post__meta-data\">\n                                                                        <span class=\"elementor-post__category\">Virtual Office<\/span>\n                                                            <\/div>\n                \n                \t\t<h5 class=\"elementor-post__title\">\n\t\t\t<a href=\"https:\/\/avilaspaces.com\/en\/blog\/virtual-office\/the-importance-of-wellbeing-in-talent-retention\/\">\n\t\t\t\tThe Importance of Wellbeing in Talent Retention\t\t\t<\/a>\n\t\t<\/h5>\n\t\t                \n                                \n                                    \n            <\/div>\n        \n        <\/article>\n                <article class=\"elementor-post elementor-grid-item post-1635 post type-post status-publish format-standard has-post-thumbnail hentry category-coworking category-featured\">\n            \n            <a href=\"https:\/\/avilaspaces.com\/en\/blog\/coworking\/respace-the-future-of-outdoor-coworking-starts-here\/\" class=\"elementor-post__thumbnail__link\">\n                <div class=\"elementor-post__thumbnail\">\n                                            <img decoding=\"async\" src=\"https:\/\/avilaspaces.com\/wp-content\/uploads\/2025\/09\/respace_imagem_blog_listagem_540_\u00d7_513_px_121989779968d66ceca89ad.png\" alt=\"Re:Space: The Future of Outdoor Coworking Starts Here\">\n                                    <\/div>\n            <\/a>\n        \n            <div class=\"elementor-post__text\">\n            \n                <div class=\"elementor-post__meta-data\">\n                                                                        <span class=\"elementor-post__category\">Coworking<\/span>\n                                                            <\/div>\n                \n                \t\t<h5 class=\"elementor-post__title\">\n\t\t\t<a href=\"https:\/\/avilaspaces.com\/en\/blog\/coworking\/respace-the-future-of-outdoor-coworking-starts-here\/\">\n\t\t\t\tRe:Space: The Future of Outdoor Coworking Starts Here\t\t\t<\/a>\n\t\t<\/h5>\n\t\t                \n                                \n                                    \n            <\/div>\n        \n        <\/article>\n                <article class=\"elementor-post elementor-grid-item post-1629 post type-post status-publish format-standard has-post-thumbnail hentry category-featured category-meeting-rooms\">\n            \n            <a href=\"https:\/\/avilaspaces.com\/en\/blog\/meeting-rooms\/wellbeing-tools-to-ease-back-into-office\/\" class=\"elementor-post__thumbnail__link\">\n                <div class=\"elementor-post__thumbnail\">\n                                            <img decoding=\"async\" src=\"https:\/\/avilaspaces.com\/wp-content\/uploads\/2025\/09\/med3.png\" alt=\"Wellbeing Tools to Ease Back Into Office\">\n                                    <\/div>\n            <\/a>\n        \n            <div class=\"elementor-post__text\">\n            \n                <div class=\"elementor-post__meta-data\">\n                                                                        <span class=\"elementor-post__category\">Meeting Rooms<\/span>\n                                                            <\/div>\n                \n                \t\t<h5 class=\"elementor-post__title\">\n\t\t\t<a href=\"https:\/\/avilaspaces.com\/en\/blog\/meeting-rooms\/wellbeing-tools-to-ease-back-into-office\/\">\n\t\t\t\tWellbeing Tools to Ease Back Into Office\t\t\t<\/a>\n\t\t<\/h5>\n\t\t                \n                                \n                                    \n            <\/div>\n        \n        <\/article>\n        \t\t<\/div>\n\t\t\n\t\t\t\t\t\t<\/div>\n\t\t\t\t<\/div>\n\t\t\t\t<\/div>\n\t\t\t\t\t<\/div>\n\t\t\t\t<\/div>\n\t\t\t\t<\/div>\n\t\t\t\t<\/div>\n\t\t<\/div>\n\t\t\t\t\t\t<\/div>\n\t\t\t\t<\/div>\n\t\t\t\t<\/div>\n\t\t","protected":false},"excerpt":{"rendered":"<p>After a soft opening since the beginning of December, the Cowork Caf\u00e9 was officially inaugurated in Parque das Na\u00e7\u00f5es<\/p>\n","protected":false},"author":8,"featured_media":21213,"comment_status":"open","ping_status":"open","sticky":false,"template":"elementor_header_footer","format":"standard","meta":{"_acf_changed":false,"inline_featured_image":false,"footnotes":""},"categories":[26,14],"tags":[],"class_list":["post-15959","post","type-post","status-publish","format-standard","has-post-thumbnail","hentry","category-company-news","category-coworking"],"acf":[],"_links":{"self":[{"href":"https:\/\/avilaspaces.com\/en\/wp-json\/wp\/v2\/posts\/15959","targetHints":{"allow":["GET"]}}],"collection":[{"href":"https:\/\/avilaspaces.com\/en\/wp-json\/wp\/v2\/posts"}],"about":[{"href":"https:\/\/avilaspaces.com\/en\/wp-json\/wp\/v2\/types\/post"}],"author":[{"embeddable":true,"href":"https:\/\/avilaspaces.com\/en\/wp-json\/wp\/v2\/users\/8"}],"replies":[{"embeddable":true,"href":"https:\/\/avilaspaces.com\/en\/wp-json\/wp\/v2\/comments?post=15959"}],"version-history":[{"count":14,"href":"https:\/\/avilaspaces.com\/en\/wp-json\/wp\/v2\/posts\/15959\/revisions"}],"predecessor-version":[{"id":16093,"href":"https:\/\/avilaspaces.com\/en\/wp-json\/wp\/v2\/posts\/15959\/revisions\/16093"}],"wp:featuredmedia":[{"embeddable":true,"href":"https:\/\/avilaspaces.com\/en\/wp-json\/wp\/v2\/media\/21213"}],"wp:attachment":[{"href":"https:\/\/avilaspaces.com\/en\/wp-json\/wp\/v2\/media?parent=15959"}],"wp:term":[{"taxonomy":"category","embeddable":true,"href":"https:\/\/avilaspaces.com\/en\/wp-json\/wp\/v2\/categories?post=15959"},{"taxonomy":"post_tag","embeddable":true,"href":"https:\/\/avilaspaces.com\/en\/wp-json\/wp\/v2\/tags?post=15959"}],"curies":[{"name":"wp","href":"https:\/\/api.w.org\/{rel}","templated":true}]}}