{"id":15660,"date":"2022-06-10T11:30:18","date_gmt":"2022-06-10T11:30:18","guid":{"rendered":"https:\/\/avilaspaces.com\/blog\/uncategorized-pt\/avila-work-city-the-new-and-pioneering-concept-of-workspaces\/"},"modified":"2026-04-06T16:52:03","modified_gmt":"2026-04-06T16:52:03","slug":"avila-work-city-o-novo-e-pioneiro-conceito-de-espacos-de-trabalho","status":"publish","type":"post","link":"https:\/\/avilaspaces.com\/pt\/blog\/uncategorized-pt\/avila-work-city-o-novo-e-pioneiro-conceito-de-espacos-de-trabalho\/","title":{"rendered":"Avila Work City: o novo e pioneiro conceito de espa\u00e7os de trabalho"},"content":{"rendered":"\t\t<div data-elementor-type=\"wp-post\" data-elementor-id=\"15660\" class=\"elementor elementor-15660 elementor-15633\" data-elementor-post-type=\"post\">\n\t\t\t\t<div class=\"elementor-element elementor-element-ac66b2a e-flex e-con-boxed e-con e-parent\" data-id=\"ac66b2a\" data-element_type=\"container\" data-e-type=\"container\">\n\t\t\t\t\t<div class=\"e-con-inner\">\n\t\t<div class=\"elementor-element elementor-element-af717a1 e-flex e-con-boxed e-con e-child\" data-id=\"af717a1\" data-element_type=\"container\" data-e-type=\"container\">\n\t\t\t\t\t<div class=\"e-con-inner\">\n\t\t\t\t<div class=\"elementor-element elementor-element-e853e9f elementor-widget elementor-widget-shortcode\" data-id=\"e853e9f\" data-element_type=\"widget\" data-e-type=\"widget\" data-widget_type=\"shortcode.default\">\n\t\t\t\t\t\t\t<div class=\"elementor-shortcode\"><\/div>\n\t\t\t\t\t\t<\/div>\n\t\t\t\t<div class=\"elementor-element elementor-element-3955e80 elementor-widget__width-initial elementor-widget elementor-widget-heading\" data-id=\"3955e80\" data-element_type=\"widget\" data-e-type=\"widget\" data-widget_type=\"heading.default\">\n\t\t\t\t\t<h1 class=\"elementor-heading-title elementor-size-default\">Avila Work City: o novo e pioneiro conceito de espa\u00e7os de trabalho<\/h1>\t\t\t\t<\/div>\n\t\t\t\t<div class=\"elementor-element elementor-element-c479311 elementor-hidden-mobile elementor-widget elementor-widget-shortcode\" data-id=\"c479311\" data-element_type=\"widget\" data-e-type=\"widget\" data-widget_type=\"shortcode.default\">\n\t\t\t\t\t\t\t<div class=\"elementor-shortcode\"><div class=\"article-info\"><span class=\"date\">10 Jun 2022<\/span><span class=\"author\">Por<label>Zyrgon<\/label><\/span><\/div><\/div>\n\t\t\t\t\t\t<\/div>\n\t\t\t\t<div class=\"elementor-element elementor-element-7568962 elementor-widget-divider--view-line elementor-widget elementor-widget-divider\" data-id=\"7568962\" data-element_type=\"widget\" data-e-type=\"widget\" data-widget_type=\"divider.default\">\n\t\t\t\t\t\t\t<div class=\"elementor-divider\">\n\t\t\t<span class=\"elementor-divider-separator\">\n\t\t\t\t\t\t<\/span>\n\t\t<\/div>\n\t\t\t\t\t\t<\/div>\n\t\t\t\t<div class=\"elementor-element elementor-element-fd36062 elementor-widget elementor-widget-text-editor\" data-id=\"fd36062\" data-element_type=\"widget\" data-e-type=\"widget\" data-widget_type=\"text-editor.default\">\n\t\t\t\t\t\t\t\t\t<p>O Avila Spaces abre, em Outubro, um novo conceito de <span style=\"color: #d26900;\"><a style=\"color: #d26900;\" href=\"https:\/\/avilaspaces.com\/pt\/servicos\/coworking-lisboa\/\" target=\"_blank\" rel=\"noopener\">coworking<\/a> <\/span>em Lisboa no <a href=\"https:\/\/atriumsaldanha.pt\/en\/home\/\" target=\"_blank\" rel=\"noopener\"><span style=\"color: #d26900;\">Atrium Saldanha<\/span><\/a> que tem como objectivo oferece um conjunto integrado de servi\u00e7os num s\u00f3 espa\u00e7o: h\u00e1 lojas tecnol\u00f3gicas, papelarias, livrarias, lojas de roupa e espa\u00e7o de restaura\u00e7\u00e3o<\/p><p>Trata-se de um novo conceito de espa\u00e7os de trabalho em Lisboa, no centro comercial Atrium Saldanha. Pela primeira vez em Portugal, ser\u00e1 criado uma work city, uma verdadeira &#8220;cidade em miniatura\u201d &#8211; a Avila Work City.<\/p><p>O conceito de \u2018work city\u2019 conta j\u00e1 com alguns casos de sucesso internacional nomeadamente em pa\u00edses como os EUA e o Reino Unido. Um dos projectos pioneiros foi o Cendyn Spaces em Boca Raton (Florida, EUA) e um dos casos de sucesso mais recente \u00e9 o Bespoke, que instalou um espa\u00e7o de cowork no Westfield San Francisco Centre (S\u00e3o Francisco, EUA). Esta \u00e9 uma tend\u00eancia internacional que foi refor\u00e7ada no per\u00edodo da pandemia de COVID-19, com a necessidade de re-inven\u00e7\u00e3o dos espa\u00e7os comerciais, mas tamb\u00e9m dos centros de escrit\u00f3rios e espa\u00e7os de cowork, que est\u00e3o a lidar com novos h\u00e1bitos de consumo e a necessitar de dar novas din\u00e2micas aos seus neg\u00f3cios.<\/p><p>Por um lado, os espa\u00e7os comerciais encontram uma nova forma de rentabilizar zonas que podem ter ficado vagas com o fecho de lojas e galerias; por outro, a integra\u00e7\u00e3o de um cowork nestes zonas permite dar uma mais-valia aos clientes, que passam a ter acesso a mais op\u00e7\u00f5es para ocupar tempos livres ou fazer pausas. Ser\u00e1 ainda uma forma de os centros comerciais ganharem uma nova vida e clientes, que passam a estar um n\u00famero consecutivo de horas nestes espa\u00e7os. Esta foi a ideia que estava na base da cria\u00e7\u00e3o da Avila Work City.<\/p><p>\u00abO Avila \u00e9 o espa\u00e7o de trabalho mais premiado de Portugal e agora vai inaugurar um conceito pioneiro e inovador em Portugal que vai marcar uma nova era e elevar a fasquia no mercado\u00bb, garante Carlos Gon\u00e7alves, CEO do Avila Spaces.<\/p><p>Na nova Avila Work City, que fica no segundo piso do Atrium Saldanha, num open space com vista para a pra\u00e7a Duque de Saldanha e Avenida Fontes Pereira de Melo, com 640 metros quadrados. Aqui, ser\u00e1 recriado o conceito vencedor do Avila Spaces, com \u00e1rea de lounge, zonas de trabalho individuais e colaborativas, salas de reuni\u00e3o, boots para chamadas telef\u00f3nicas, copa e uma novidade: uma zona de apresenta\u00e7\u00f5es, com um anfiteatro, preparada para eventos empresariais ou lan\u00e7amento de produtos.<\/p><p>Segundo, Carlos Gon\u00e7alves, a Avila Work City \u00e9 um espa\u00e7o \u00abonde podemos trabalhar e ter acesso a um conjunto de servi\u00e7os, como lavandaria e gin\u00e1sios e outras lojas, como papelarias, e livraria, onde \u00e9 poss\u00edvel adquirir produtos do dia-a-dia, a que se juntam as lojas de roupa. Temos aqui uma verdadeira cidade em ponto pequeno, onde \u00e9 poss\u00edvel estar num ambiente de escrit\u00f3rio, mas com acesso directo a lojas, restaura\u00e7\u00e3o e espa\u00e7o de lazer, numa esp\u00e9cie de &#8216;vida a 360 graus&#8217;\u00bb, diz Carlos Gon\u00e7alves, CEO do Avila Spaces.<\/p><p>At\u00e9 Outubro, o Avila vai estar a promover uma campanha especial para novos clientes que queiram ser os primeiros a experimentar este novo conceito de coworking em Portugal: o estatuto de membro fundador do novo Avila Work City Founder\u2019s Club que dar\u00e1 acesso a vantagens exclusivas neste novo espa\u00e7o, que ser\u00e3o conhecidas em breve. Uma das vantagens ser\u00e1 ter acesso a um cart\u00e3o que dar\u00e1 acesso a descontos e campanhas especiais nas lojas e servi\u00e7os do Atrium Saldanha.<\/p><p>\u00abNo ADN do Atrium Saldanha esteve sempre a oferta de conceitos exclusivos aos nossos clientes e visitantes: sempre tivemos escrit\u00f3rios de grandes empresas no nosso edif\u00edcio e esta \u00e9 mais uma prova de que temos os olhos postos no futuro e no desenvolvimento de novas ofertas relacionadas com espa\u00e7os de trabalho disruptivos, desta vez com a Avila Work City. Depois de quase dois anos de algumas dificuldades para todos os espa\u00e7os comerciais, esta \u00e9 a oportunidade de relan\u00e7ar a din\u00e2mica a que est\u00e1vamos habituados e dar sangue novo a uma das galerias comerciais mais exclusivas de Lisboa\u00bb, diz Eug\u00e9nia Martins, Directora Comercial do Atrium Saldanha.<\/p>\t\t\t\t\t\t\t\t<\/div>\n\t\t\t\t\t<\/div>\n\t\t\t\t<\/div>\n\t\t\t\t\t<\/div>\n\t\t\t\t<\/div>\n\t\t<div class=\"elementor-element elementor-element-69eebba e-flex e-con-boxed e-con e-parent\" data-id=\"69eebba\" data-element_type=\"container\" data-e-type=\"container\">\n\t\t\t\t\t<div class=\"e-con-inner\">\n\t\t\t\t<div class=\"elementor-element elementor-element-b4aebc9 elementor-widget-divider--view-line elementor-widget elementor-widget-divider\" data-id=\"b4aebc9\" data-element_type=\"widget\" data-e-type=\"widget\" data-widget_type=\"divider.default\">\n\t\t\t\t\t\t\t<div class=\"elementor-divider\">\n\t\t\t<span class=\"elementor-divider-separator\">\n\t\t\t\t\t\t<\/span>\n\t\t<\/div>\n\t\t\t\t\t\t<\/div>\n\t\t\t\t\t<\/div>\n\t\t\t\t<\/div>\n\t\t<div class=\"elementor-element elementor-element-491ad1c e-con-full e-flex e-con e-parent\" data-id=\"491ad1c\" data-element_type=\"container\" data-e-type=\"container\">\n\t\t\t\t<div class=\"elementor-element elementor-element-3963d0c elementor-widget elementor-widget-shortcode\" data-id=\"3963d0c\" data-element_type=\"widget\" data-e-type=\"widget\" data-widget_type=\"shortcode.default\">\n\t\t\t\t\t\t\t<div class=\"elementor-shortcode\">\t\t<div data-elementor-type=\"section\" data-elementor-id=\"5749\" class=\"elementor elementor-5749 elementor-2921\" data-elementor-post-type=\"elementor_library\">\n\t\t\t<div class=\"elementor-element elementor-element-a2fcb72 e-con-full e-flex e-con e-parent\" data-id=\"a2fcb72\" data-element_type=\"container\" data-e-type=\"container\">\n\t\t<div class=\"elementor-element elementor-element-6e708d0 e-flex e-con-boxed e-con e-child\" data-id=\"6e708d0\" data-element_type=\"container\" data-e-type=\"container\">\n\t\t\t\t\t<div class=\"e-con-inner\">\n\t\t\t\t<div class=\"elementor-element elementor-element-8fb6688 elementor-align-justify elementor-widget__width-initial news-tab-show elementor-widget elementor-widget-button\" data-id=\"8fb6688\" data-element_type=\"widget\" data-e-type=\"widget\" id=\"read-more\" data-widget_type=\"button.default\">\n\t\t\t\t\t\t\t\t\t\t<a class=\"elementor-button elementor-size-sm\" role=\"button\">\n\t\t\t\t\t\t<span class=\"elementor-button-content-wrapper\">\n\t\t\t\t\t\t\t\t\t<span class=\"elementor-button-text\">read more<\/span>\n\t\t\t\t\t<\/span>\n\t\t\t\t\t<\/a>\n\t\t\t\t\t\t\t\t<\/div>\n\t\t\t\t<div class=\"elementor-element elementor-element-a498d68 elementor-align-justify elementor-widget__width-initial news-tab-show elementor-widget elementor-widget-button\" data-id=\"a498d68\" data-element_type=\"widget\" data-e-type=\"widget\" id=\"featured\" data-widget_type=\"button.default\">\n\t\t\t\t\t\t\t\t\t\t<a class=\"elementor-button elementor-size-sm\" role=\"button\">\n\t\t\t\t\t\t<span class=\"elementor-button-content-wrapper\">\n\t\t\t\t\t\t\t\t\t<span class=\"elementor-button-text\">featured<\/span>\n\t\t\t\t\t<\/span>\n\t\t\t\t\t<\/a>\n\t\t\t\t\t\t\t\t<\/div>\n\t\t\t\t\t<\/div>\n\t\t\t\t<\/div>\n\t\t<div class=\"elementor-element elementor-element-551e6af e-flex e-con-boxed e-con e-child\" data-id=\"551e6af\" data-element_type=\"container\" data-e-type=\"container\">\n\t\t\t\t\t<div class=\"e-con-inner\">\n\t\t<div class=\"elementor-element elementor-element-5315e34 e-con-full news-content-show e-flex e-con e-child\" data-id=\"5315e34\" data-element_type=\"container\" data-e-type=\"container\" id=\"read-more\">\n\t\t\t\t<div class=\"elementor-element elementor-element-3b043a7 elementor-hidden-tablet elementor-hidden-mobile elementor-widget elementor-widget-heading\" data-id=\"3b043a7\" data-element_type=\"widget\" data-e-type=\"widget\" data-widget_type=\"heading.default\">\n\t\t\t\t\t<h5 class=\"elementor-heading-title elementor-size-default\">Leia mais<\/h5>\t\t\t\t<\/div>\n\t\t\t\t<div class=\"elementor-element elementor-element-e042585 elementor-grid-1 elementor-posts--thumbnail-left home-skin-blog elementor-grid-tablet-1 elementor-grid-mobile-1 elementor-widget elementor-widget-posts\" data-id=\"e042585\" data-element_type=\"widget\" data-e-type=\"widget\" data-settings=\"{&quot;skin_blog_columns&quot;:&quot;1&quot;,&quot;skin_blog_row_gap&quot;:{&quot;unit&quot;:&quot;px&quot;,&quot;size&quot;:24,&quot;sizes&quot;:[]},&quot;skin_blog_columns_tablet&quot;:&quot;1&quot;,&quot;skin_blog_columns_mobile&quot;:&quot;1&quot;,&quot;skin_blog_row_gap_laptop&quot;:{&quot;unit&quot;:&quot;px&quot;,&quot;size&quot;:&quot;&quot;,&quot;sizes&quot;:[]},&quot;skin_blog_row_gap_tablet&quot;:{&quot;unit&quot;:&quot;px&quot;,&quot;size&quot;:&quot;&quot;,&quot;sizes&quot;:[]},&quot;skin_blog_row_gap_mobile&quot;:{&quot;unit&quot;:&quot;px&quot;,&quot;size&quot;:&quot;&quot;,&quot;sizes&quot;:[]}}\" data-widget_type=\"posts.skin_blog\">\n\t\t\t\t<div class=\"elementor-widget-container\">\n\t\t\t\t\t\t\t<div class=\"elementor-posts-container elementor-posts elementor-posts--skin-skin_blog elementor-grid\" role=\"list\">\n\t\t        <article class=\"elementor-post elementor-grid-item post-17455 post type-post status-publish format-standard has-post-thumbnail hentry category-noticias-da-empresa\">\n            \n            <a href=\"https:\/\/avilaspaces.com\/pt\/blog\/noticias-da-empresa\/avila-spaces-e-great-place-to-work-2026\/\" class=\"elementor-post__thumbnail__link\">\n                <div class=\"elementor-post__thumbnail\">\n                                            <img decoding=\"async\" src=\"https:\/\/avilaspaces.com\/wp-content\/uploads\/2026\/04\/Eventos-Office-RnD-10-1.jpg\" alt=\"Avila Spaces \u00e9 Great Place to Work 2026\">\n                                    <\/div>\n            <\/a>\n        \n            <div class=\"elementor-post__text\">\n            \n                <div class=\"elementor-post__meta-data\">\n                                                                        <span class=\"elementor-post__category\">Not\u00edcias da empresa<\/span>\n                                                            <\/div>\n                \n                \t\t<h5 class=\"elementor-post__title\">\n\t\t\t<a href=\"https:\/\/avilaspaces.com\/pt\/blog\/noticias-da-empresa\/avila-spaces-e-great-place-to-work-2026\/\">\n\t\t\t\tAvila Spaces \u00e9 Great Place to Work 2026\t\t\t<\/a>\n\t\t<\/h5>\n\t\t                \n                                \n                                    \n            <\/div>\n        \n        <\/article>\n                <article class=\"elementor-post elementor-grid-item post-21451 post type-post status-publish format-standard has-post-thumbnail hentry category-noticias-da-empresa\">\n            \n            <a href=\"https:\/\/avilaspaces.com\/pt\/blog\/noticias-da-empresa\/5-razoes-para-trabalhar-em-lisboa-portugal\/\" class=\"elementor-post__thumbnail__link\">\n                <div class=\"elementor-post__thumbnail\">\n                                            <img decoding=\"async\" src=\"https:\/\/avilaspaces.com\/wp-content\/uploads\/2025\/10\/Avila-Lounge-Atrium-12-3-scaled.jpg\" alt=\"5 raz\u00f5es para trabalhar em Lisboa, Portugal\">\n                                    <\/div>\n            <\/a>\n        \n            <div class=\"elementor-post__text\">\n            \n                <div class=\"elementor-post__meta-data\">\n                                                                        <span class=\"elementor-post__category\">Not\u00edcias da empresa<\/span>\n                                                            <\/div>\n                \n                \t\t<h5 class=\"elementor-post__title\">\n\t\t\t<a href=\"https:\/\/avilaspaces.com\/pt\/blog\/noticias-da-empresa\/5-razoes-para-trabalhar-em-lisboa-portugal\/\">\n\t\t\t\t5 raz\u00f5es para trabalhar em Lisboa, Portugal\t\t\t<\/a>\n\t\t<\/h5>\n\t\t                \n                                \n                                    \n            <\/div>\n        \n        <\/article>\n                <article class=\"elementor-post elementor-grid-item post-5744 post type-post status-publish format-standard has-post-thumbnail hentry category-destaque category-virtual-office\">\n            \n            <a href=\"https:\/\/avilaspaces.com\/pt\/blog\/destaque\/the-importance-of-wellbeing-in-talent-retention\/\" class=\"elementor-post__thumbnail__link\">\n                <div class=\"elementor-post__thumbnail\">\n                                            <img decoding=\"async\" src=\"https:\/\/avilaspaces.com\/wp-content\/uploads\/2025\/10\/Homem-a-trabalhar-em-lounge-moderno-1.png\" alt=\"A import\u00e2ncia do bem-estar na reten\u00e7\u00e3o de talentos\">\n                                    <\/div>\n            <\/a>\n        \n            <div class=\"elementor-post__text\">\n            \n                <div class=\"elementor-post__meta-data\">\n                                                                        <span class=\"elementor-post__category\">Escrit\u00f3rio Virtual<\/span>\n                                                            <\/div>\n                \n                \t\t<h5 class=\"elementor-post__title\">\n\t\t\t<a href=\"https:\/\/avilaspaces.com\/pt\/blog\/destaque\/the-importance-of-wellbeing-in-talent-retention\/\">\n\t\t\t\tA import\u00e2ncia do bem-estar na reten\u00e7\u00e3o de talentos\t\t\t<\/a>\n\t\t<\/h5>\n\t\t                \n                                \n                                    \n            <\/div>\n        \n        <\/article>\n        \t\t<\/div>\n\t\t\n\t\t\t\t\t\t<\/div>\n\t\t\t\t<\/div>\n\t\t\t\t<\/div>\n\t\t<div class=\"elementor-element elementor-element-a6777b9 e-con-full news-content-show e-flex e-con e-child\" data-id=\"a6777b9\" data-element_type=\"container\" data-e-type=\"container\" id=\"featured\">\n\t\t\t\t<div class=\"elementor-element elementor-element-2e32761 elementor-hidden-tablet elementor-hidden-mobile elementor-widget elementor-widget-heading\" data-id=\"2e32761\" data-element_type=\"widget\" data-e-type=\"widget\" data-widget_type=\"heading.default\">\n\t\t\t\t\t<h5 class=\"elementor-heading-title elementor-size-default\">not\u00edcias em destaque<\/h5>\t\t\t\t<\/div>\n\t\t\t\t<\/div>\n\t\t\t\t\t<\/div>\n\t\t\t\t<\/div>\n\t\t\t\t<\/div>\n\t\t\t\t<\/div>\n\t\t<\/div>\n\t\t\t\t\t\t<\/div>\n\t\t\t\t<\/div>\n\t\t\t\t<\/div>\n\t\t","protected":false},"excerpt":{"rendered":"<p>O Avila Spaces abre, em Outubro, um novo conceito de coworking em Lisboa no Atrium Saldanha que tem como objectivo oferece um conjunto integrado de servi\u00e7os num s\u00f3 espa\u00e7o: h\u00e1 lojas tecnol\u00f3gicas, papelarias, livrarias, lojas de roupa e espa\u00e7o de restaura\u00e7\u00e3o<\/p>\n","protected":false},"author":1,"featured_media":21223,"comment_status":"open","ping_status":"open","sticky":false,"template":"elementor_header_footer","format":"standard","meta":{"_acf_changed":false,"inline_featured_image":false,"footnotes":""},"categories":[37],"tags":[],"class_list":["post-15660","post","type-post","status-publish","format-standard","has-post-thumbnail","hentry","category-uncategorized-pt"],"acf":[],"_links":{"self":[{"href":"https:\/\/avilaspaces.com\/pt\/wp-json\/wp\/v2\/posts\/15660","targetHints":{"allow":["GET"]}}],"collection":[{"href":"https:\/\/avilaspaces.com\/pt\/wp-json\/wp\/v2\/posts"}],"about":[{"href":"https:\/\/avilaspaces.com\/pt\/wp-json\/wp\/v2\/types\/post"}],"author":[{"embeddable":true,"href":"https:\/\/avilaspaces.com\/pt\/wp-json\/wp\/v2\/users\/1"}],"replies":[{"embeddable":true,"href":"https:\/\/avilaspaces.com\/pt\/wp-json\/wp\/v2\/comments?post=15660"}],"version-history":[{"count":11,"href":"https:\/\/avilaspaces.com\/pt\/wp-json\/wp\/v2\/posts\/15660\/revisions"}],"predecessor-version":[{"id":16080,"href":"https:\/\/avilaspaces.com\/pt\/wp-json\/wp\/v2\/posts\/15660\/revisions\/16080"}],"wp:featuredmedia":[{"embeddable":true,"href":"https:\/\/avilaspaces.com\/pt\/wp-json\/wp\/v2\/media\/21223"}],"wp:attachment":[{"href":"https:\/\/avilaspaces.com\/pt\/wp-json\/wp\/v2\/media?parent=15660"}],"wp:term":[{"taxonomy":"category","embeddable":true,"href":"https:\/\/avilaspaces.com\/pt\/wp-json\/wp\/v2\/categories?post=15660"},{"taxonomy":"post_tag","embeddable":true,"href":"https:\/\/avilaspaces.com\/pt\/wp-json\/wp\/v2\/tags?post=15660"}],"curies":[{"name":"wp","href":"https:\/\/api.w.org\/{rel}","templated":true}]}}