{"id":15764,"date":"2025-04-15T18:07:03","date_gmt":"2025-04-15T18:07:03","guid":{"rendered":"https:\/\/avilaspaces.com\/blog\/uncategorized-pt\/avila-spaces-the-worlds-best-coworking-now-five-stars-too\/"},"modified":"2026-04-06T17:47:32","modified_gmt":"2026-04-06T17:47:32","slug":"avila-spaces-o-melhor-coworking-do-mundo-agora-tambem-e-cinco-estrelas","status":"publish","type":"post","link":"https:\/\/avilaspaces.com\/pt\/blog\/espaco-de-escritorios\/avila-spaces-o-melhor-coworking-do-mundo-agora-tambem-e-cinco-estrelas\/","title":{"rendered":"Avila Spaces: O Melhor Coworking do Mundo Agora Tamb\u00e9m \u00c9 Cinco Estrelas!"},"content":{"rendered":"\t\t<div data-elementor-type=\"wp-post\" data-elementor-id=\"15764\" class=\"elementor elementor-15764 elementor-299\" data-elementor-post-type=\"post\">\n\t\t\t\t<div class=\"elementor-element elementor-element-b4eea88 e-flex e-con-boxed e-con e-parent\" data-id=\"b4eea88\" data-element_type=\"container\" data-e-type=\"container\">\n\t\t\t\t\t<div class=\"e-con-inner\">\n\t\t<div class=\"elementor-element elementor-element-d198d59 e-flex e-con-boxed e-con e-child\" data-id=\"d198d59\" data-element_type=\"container\" data-e-type=\"container\">\n\t\t\t\t\t<div class=\"e-con-inner\">\n\t\t\t\t<div class=\"elementor-element elementor-element-a3e4fd8 elementor-widget elementor-widget-shortcode\" data-id=\"a3e4fd8\" data-element_type=\"widget\" data-e-type=\"widget\" data-widget_type=\"shortcode.default\">\n\t\t\t\t\t\t\t<div class=\"elementor-shortcode\"><\/div>\n\t\t\t\t\t\t<\/div>\n\t\t\t\t<div class=\"elementor-element elementor-element-aa36dfb elementor-widget__width-initial elementor-widget elementor-widget-heading\" data-id=\"aa36dfb\" data-element_type=\"widget\" data-e-type=\"widget\" data-widget_type=\"heading.default\">\n\t\t\t\t\t<h1 class=\"elementor-heading-title elementor-size-default\">Avila Spaces: O Melhor Coworking do Mundo Agora Tamb\u00e9m \u00c9 Cinco Estrelas!<\/h1>\t\t\t\t<\/div>\n\t\t\t\t<div class=\"elementor-element elementor-element-a0a3674 elementor-hidden-mobile elementor-widget elementor-widget-shortcode\" data-id=\"a0a3674\" data-element_type=\"widget\" data-e-type=\"widget\" data-widget_type=\"shortcode.default\">\n\t\t\t\t\t\t\t<div class=\"elementor-shortcode\"><div class=\"article-info\"><span class=\"date\">15 Abr 2025<\/span><span class=\"author\">Por<label>Avila Spaces<\/label><\/span><\/div><\/div>\n\t\t\t\t\t\t<\/div>\n\t\t\t\t<div class=\"elementor-element elementor-element-4e8136b elementor-widget-divider--view-line elementor-widget elementor-widget-divider\" data-id=\"4e8136b\" data-element_type=\"widget\" data-e-type=\"widget\" data-widget_type=\"divider.default\">\n\t\t\t\t\t\t\t<div class=\"elementor-divider\">\n\t\t\t<span class=\"elementor-divider-separator\">\n\t\t\t\t\t\t<\/span>\n\t\t<\/div>\n\t\t\t\t\t\t<\/div>\n\t\t\t\t<div class=\"elementor-element elementor-element-9ea5dbb elementor-widget elementor-widget-text-editor\" data-id=\"9ea5dbb\" data-element_type=\"widget\" data-e-type=\"widget\" data-widget_type=\"text-editor.default\">\n\t\t\t\t\t\t\t\t\t<p>No Avila Spaces, acreditamos que o futuro do trabalho constr\u00f3i-se &#8220;hoje\u201d. Com tr\u00eas localiza\u00e7\u00f5es estrat\u00e9gicas em Lisboa\u00a0<span style=\"color: #d26900;\"><a style=\"color: #d26900;\" href=\"https:\/\/avilaspaces.com\/pt\/contactos-avila-spaces\/\" target=\"_blank\" rel=\"noopener\">(Avenida da Rep\u00fablica, Atrium Saldanha e Parque das Na\u00e7\u00f5es)<\/a><\/span>, oferecemos espa\u00e7os modernos, flex\u00edveis e inspiradores para transformar o dia a dia de quem nos escolhe.<\/p>\t\t\t\t\t\t\t\t<\/div>\n\t\t\t\t<div class=\"elementor-element elementor-element-2992a4c elementor-widget elementor-widget-heading\" data-id=\"2992a4c\" data-element_type=\"widget\" data-e-type=\"widget\" data-widget_type=\"heading.default\">\n\t\t\t\t\t<h2 class=\"elementor-heading-title elementor-size-default\">Tr\u00eas localiza\u00e7\u00f5es, infinitas possibilidades<\/h2>\t\t\t\t<\/div>\n\t\t\t\t<div class=\"elementor-element elementor-element-3284d00 elementor-widget elementor-widget-text-editor\" data-id=\"3284d00\" data-element_type=\"widget\" data-e-type=\"widget\" data-widget_type=\"text-editor.default\">\n\t\t\t\t\t\t\t\t\t<div>Sabemos que cada profissional tem necessidades diferentes. Por isso temos tr\u00eas localiza\u00e7\u00f5es em Lisboa, cada uma pensada para atender diferentes necessidades de in\u00fameros perfis. Pode optar pelo\u00a0<strong>Business Lounge na Avenida da Rep\u00fablica<\/strong>,\u00a0um espa\u00e7o cl\u00e1ssico e sofisticado, ideal para quem procura um ambiente profissional e privativo; se peferir um ambiente moderno e din\u00e2mico, perfeito para startups e empresas em crescimento, o\u00a0<strong>Avila Work City no Atrium Saldanha<\/strong>\u00a0\u00e9 o ideal para si. No\u00a0<strong>Parque das Na\u00e7\u00f5es<\/strong>\u00a0pode ainda experimentar o\u00a0<strong>Cowork Caf\u00e9<\/strong>,\u00a0inovador, acolhedor e o primeiro do g\u00e9nero em Portugal, ideal para freelancers e pequenas empresas.<\/div>\t\t\t\t\t\t\t\t<\/div>\n\t\t\t\t<div class=\"elementor-element elementor-element-83eb7ea elementor-widget elementor-widget-image\" data-id=\"83eb7ea\" data-element_type=\"widget\" data-e-type=\"widget\" data-widget_type=\"image.default\">\n\t\t\t\t\t\t\t\t\t\t\t\t\t\t\t<img fetchpriority=\"high\" decoding=\"async\" width=\"800\" height=\"413\" src=\"https:\/\/avilaspaces.com\/wp-content\/uploads\/2025\/04\/5estrelas2_imagem_texto_981x506.png\" class=\"attachment-large size-large wp-image-5103\" alt=\"\" srcset=\"https:\/\/avilaspaces.com\/wp-content\/uploads\/2025\/04\/5estrelas2_imagem_texto_981x506.png 981w, https:\/\/avilaspaces.com\/wp-content\/uploads\/2025\/04\/5estrelas2_imagem_texto_981x506-300x155.png 300w, https:\/\/avilaspaces.com\/wp-content\/uploads\/2025\/04\/5estrelas2_imagem_texto_981x506-768x396.png 768w\" sizes=\"(max-width: 800px) 100vw, 800px\" \/>\t\t\t\t\t\t\t\t\t\t\t\t\t\t\t<\/div>\n\t\t\t\t<div class=\"elementor-element elementor-element-c896ef2 elementor-widget elementor-widget-text-editor\" data-id=\"c896ef2\" data-element_type=\"widget\" data-e-type=\"widget\" data-widget_type=\"text-editor.default\">\n\t\t\t\t\t\t\t\t\t<p>Cada localiza\u00e7\u00e3o oferece solu\u00e7\u00f5es variadas, desde\u00a0<span style=\"color: #d26900;\"><a style=\"color: #d26900;\" href=\"https:\/\/avilaspaces.com\/pt\/servicos\/centro-escritorios-lisboa\/\" target=\"_blank\" rel=\"noopener\">escrit\u00f3rios privativos<\/a><\/span>\u00a0prontos a usar,\u00a0<span style=\"color: #d26900;\"><a style=\"color: #d26900;\" href=\"https:\/\/avilaspaces.com\/pt\/servicos\/coworking-lisboa\/\" target=\"_blank\" rel=\"noopener\">postos de trabalho flex\u00edveis<\/a><\/span>, at\u00e9\u00a0<a href=\"https:\/\/web.archive.org\/web\/20251117073501\/https:\/\/avilaspaces.com\/pt\/servicos\/salas-de-reuniao-lisboa\/\" target=\"_blank\" rel=\"noopener\"><span style=\"color: #d26900;\">salas de reuni\u00e3o<\/span><\/a>\u00a0equipadas com tecnologia de ponta. Se precisa de um escrit\u00f3rio privativo pronto a usar, de um posto de trabalho flex\u00edvel ou de uma sala de reuni\u00e3o com toda a tecnologia, temos tudo pensado para si. Como sublinha o nosso CEO Carlos Gon\u00e7alves: \u00abOs nossos espa\u00e7os est\u00e3o preparados para pequenas startups ou grandes empresas, com design sofisticado e aten\u00e7\u00e3o ao detalhe. Privacidade e colabora\u00e7\u00e3o podem (e devem) andar de m\u00e3os dadas.\u00bb<\/p>\t\t\t\t\t\t\t\t<\/div>\n\t\t\t\t<div class=\"elementor-element elementor-element-945f89e elementor-widget elementor-widget-heading\" data-id=\"945f89e\" data-element_type=\"widget\" data-e-type=\"widget\" data-widget_type=\"heading.default\">\n\t\t\t\t\t<h3 class=\"elementor-heading-title elementor-size-default\">\u00abEsta distin\u00e7\u00e3o confirma aquilo que nos move todos os dias: criar espa\u00e7os modernos, flex\u00edveis e inspiradores, pensados ao detalhe para transformar o dia a dia de quem nos escolhe.\u00bb<\/h3>\t\t\t\t<\/div>\n\t\t\t\t<div class=\"elementor-element elementor-element-20dd94f elementor-widget elementor-widget-text-editor\" data-id=\"20dd94f\" data-element_type=\"widget\" data-e-type=\"widget\" data-widget_type=\"text-editor.default\">\n\t\t\t\t\t\t\t\t\t<p>\u00c9 com enorme orgulho e entusiasmo que partilhamos a nossa mais recente conquista: o\u00a0<a href=\"https:\/\/r.cinco-estrelas.pt\/vencedor\/avila-spaces\/\" target=\"_blank\" rel=\"noopener\"><span style=\"color: #d26900;\">Pr\u00e9mio Cinco Estrelas Regi\u00f5es 2025 na categoria &#8220;Espa\u00e7os de Coworking<\/span>&#8220;<\/a>! Esta distin\u00e7\u00e3o confirma aquilo que nos move todos os dias: criar espa\u00e7os modernos, flex\u00edveis e inspiradores, pensados ao detalhe para transformar o dia a dia de quem nos escolhe.<\/p>\t\t\t\t\t\t\t\t<\/div>\n\t\t\t\t<div class=\"elementor-element elementor-element-dc33e30 elementor-widget elementor-widget-image\" data-id=\"dc33e30\" data-element_type=\"widget\" data-e-type=\"widget\" data-widget_type=\"image.default\">\n\t\t\t\t\t\t\t\t\t\t\t\t\t\t\t<img decoding=\"async\" width=\"800\" height=\"413\" src=\"https:\/\/avilaspaces.com\/wp-content\/uploads\/2025\/04\/5estrelas_img6.png\" class=\"attachment-large size-large wp-image-5104\" alt=\"\" srcset=\"https:\/\/avilaspaces.com\/wp-content\/uploads\/2025\/04\/5estrelas_img6.png 981w, https:\/\/avilaspaces.com\/wp-content\/uploads\/2025\/04\/5estrelas_img6-300x155.png 300w, https:\/\/avilaspaces.com\/wp-content\/uploads\/2025\/04\/5estrelas_img6-768x396.png 768w\" sizes=\"(max-width: 800px) 100vw, 800px\" \/>\t\t\t\t\t\t\t\t\t\t\t\t\t\t\t<\/div>\n\t\t\t\t<div class=\"elementor-element elementor-element-9f12585 elementor-widget elementor-widget-heading\" data-id=\"9f12585\" data-element_type=\"widget\" data-e-type=\"widget\" data-widget_type=\"heading.default\">\n\t\t\t\t\t<h2 class=\"elementor-heading-title elementor-size-default\">Destaque e Reconhecimento<\/h2>\t\t\t\t<\/div>\n\t\t\t\t<div class=\"elementor-element elementor-element-526b368 elementor-widget elementor-widget-text-editor\" data-id=\"526b368\" data-element_type=\"widget\" data-e-type=\"widget\" data-widget_type=\"text-editor.default\">\n\t\t\t\t\t\t\t\t\t<p>O Avila Spaces tem sido amplamente reconhecido pela sua excel\u00eancia e inova\u00e7\u00e3o, como demonstra o nosso\u00a0<span style=\"color: #d26900;\"><a style=\"color: #d26900;\" href=\"https:\/\/avilaspaces.com\/pt\/blog\/\" target=\"_blank\" rel=\"noopener\">blog<\/a><\/span>. Este galard\u00e3o junta-se a uma galeria de distin\u00e7\u00f5es que muito nos orgulha. Desde o t\u00edtulo de &#8220;Melhor Cowork do Mundo&#8221; (Global Startup Awards 2023), passando por &#8220;Melhor Espa\u00e7o de Coworking do Sul da Europa&#8221;\u00a0<span style=\"color: #d26900;\"><a style=\"color: #d26900;\" href=\"https:\/\/southeuropestartupawards.com\/\" target=\"_blank\" rel=\"noopener\">(South Europe Startup Awards &#8211; SESA)<\/a><\/span>, at\u00e9 ao &#8220;The Next Work Environment 2024&#8221; atribu\u00eddo pela influente\u00a0<span style=\"color: #d26900;\"><a style=\"color: #d26900;\" href=\"https:\/\/www.workdesign.com\/\" target=\"_blank\" rel=\"noopener\">Work Design Magazine<\/a><\/span>, temos somado reconhecimento atr\u00e1s de reconhecimento.<\/p>\t\t\t\t\t\t\t\t<\/div>\n\t\t\t\t<div class=\"elementor-element elementor-element-4a1ddda elementor-widget elementor-widget-image\" data-id=\"4a1ddda\" data-element_type=\"widget\" data-e-type=\"widget\" data-widget_type=\"image.default\">\n\t\t\t\t\t\t\t\t\t\t\t\t\t\t\t<img decoding=\"async\" width=\"800\" height=\"413\" src=\"https:\/\/avilaspaces.com\/wp-content\/uploads\/2025\/04\/5estrelas_img3.png\" class=\"attachment-large size-large wp-image-5105\" alt=\"\" srcset=\"https:\/\/avilaspaces.com\/wp-content\/uploads\/2025\/04\/5estrelas_img3.png 981w, https:\/\/avilaspaces.com\/wp-content\/uploads\/2025\/04\/5estrelas_img3-300x155.png 300w, https:\/\/avilaspaces.com\/wp-content\/uploads\/2025\/04\/5estrelas_img3-768x396.png 768w\" sizes=\"(max-width: 800px) 100vw, 800px\" \/>\t\t\t\t\t\t\t\t\t\t\t\t\t\t\t<\/div>\n\t\t\t\t<div class=\"elementor-element elementor-element-e5e5699 elementor-widget elementor-widget-heading\" data-id=\"e5e5699\" data-element_type=\"widget\" data-e-type=\"widget\" data-widget_type=\"heading.default\">\n\t\t\t\t\t<h2 class=\"elementor-heading-title elementor-size-default\">Valores Avila Spaces<\/h2>\t\t\t\t<\/div>\n\t\t\t\t<div class=\"elementor-element elementor-element-23af1d7 elementor-widget elementor-widget-text-editor\" data-id=\"23af1d7\" data-element_type=\"widget\" data-e-type=\"widget\" data-widget_type=\"text-editor.default\">\n\t\t\t\t\t\t\t\t\tNo Avila, acreditamos que trabalhar pode (e deve) ser uma experi\u00eancia agrad\u00e1vel e motivadora. A nossa diretora criativa, Teresa Jacinto, resume bem esta filosofia: \u00abCriamos ambientes ergon\u00f3micos, com muita luz natural, \u00e1reas de lazer e eventos como os nossos happy hours e sess\u00f5es de medita\u00e7\u00e3o. A produtividade nasce do bem-estar, e \u00e9 por isso que tantas empresas que trabalham connosco figuram em rankings de &#8216;Melhores Lugares para Trabalhar&#8217;.\u00bb E acrescenta ainda: \u00abOs nossos espa\u00e7os s\u00e3o tamb\u00e9m um ponto de encontro. Estimulamos o networking, a troca de ideias e criamos uma comunidade de profissionais que se inspiram mutuamente.\u00bb\t\t\t\t\t\t\t\t<\/div>\n\t\t\t\t<div class=\"elementor-element elementor-element-26bb824 elementor-widget elementor-widget-image\" data-id=\"26bb824\" data-element_type=\"widget\" data-e-type=\"widget\" data-widget_type=\"image.default\">\n\t\t\t\t\t\t\t\t\t\t\t\t\t\t\t<img loading=\"lazy\" decoding=\"async\" width=\"800\" height=\"413\" src=\"https:\/\/avilaspaces.com\/wp-content\/uploads\/2025\/04\/5estrelas_img7.png\" class=\"attachment-large size-large wp-image-5106\" alt=\"\" srcset=\"https:\/\/avilaspaces.com\/wp-content\/uploads\/2025\/04\/5estrelas_img7.png 981w, https:\/\/avilaspaces.com\/wp-content\/uploads\/2025\/04\/5estrelas_img7-300x155.png 300w, https:\/\/avilaspaces.com\/wp-content\/uploads\/2025\/04\/5estrelas_img7-768x396.png 768w\" sizes=\"(max-width: 800px) 100vw, 800px\" \/>\t\t\t\t\t\t\t\t\t\t\t\t\t\t\t<\/div>\n\t\t\t\t<div class=\"elementor-element elementor-element-cb0a8cd elementor-widget elementor-widget-text-editor\" data-id=\"cb0a8cd\" data-element_type=\"widget\" data-e-type=\"widget\" data-widget_type=\"text-editor.default\">\n\t\t\t\t\t\t\t\t\t<div>Os nossos valores incluem:<\/div><div>\u00a0<\/div><ul><li><strong>Inova\u00e7\u00e3o<\/strong>:\u00a0Criamos ambientes ergon\u00f3micos, com muita luz natural e \u00e1reas de lazer.<\/li><li><strong>Comunidade<\/strong>:\u00a0Estimulamos o networking e a troca de ideias, criando uma comunidade de profissionais que se inspiram mutuamente.<\/li><li><strong>Flexibilidade<\/strong>:\u00a0Oferecemos solu\u00e7\u00f5es adapt\u00e1veis \u00e0s necessidades de cada cliente, desde startups a grandes empresas.<\/li><li><strong>Bem-estar<\/strong>:\u00a0A produtividade nasce do bem-estar, e \u00e9 por isso que tantas empresas que trabalham connosco figuram em rankings de &#8220;Melhores Lugares para Trabalhar&#8221;.<\/li><\/ul>\t\t\t\t\t\t\t\t<\/div>\n\t\t\t\t<div class=\"elementor-element elementor-element-6f4374d elementor-widget elementor-widget-image\" data-id=\"6f4374d\" data-element_type=\"widget\" data-e-type=\"widget\" data-widget_type=\"image.default\">\n\t\t\t\t\t\t\t\t\t\t\t\t\t\t\t<img loading=\"lazy\" decoding=\"async\" width=\"800\" height=\"413\" src=\"https:\/\/avilaspaces.com\/wp-content\/uploads\/2025\/04\/5estrelas_img4.png\" class=\"attachment-large size-large wp-image-5107\" alt=\"\" srcset=\"https:\/\/avilaspaces.com\/wp-content\/uploads\/2025\/04\/5estrelas_img4.png 981w, https:\/\/avilaspaces.com\/wp-content\/uploads\/2025\/04\/5estrelas_img4-300x155.png 300w, https:\/\/avilaspaces.com\/wp-content\/uploads\/2025\/04\/5estrelas_img4-768x396.png 768w\" sizes=\"(max-width: 800px) 100vw, 800px\" \/>\t\t\t\t\t\t\t\t\t\t\t\t\t\t\t<\/div>\n\t\t\t\t<div class=\"elementor-element elementor-element-afdbe90 elementor-widget elementor-widget-heading\" data-id=\"afdbe90\" data-element_type=\"widget\" data-e-type=\"widget\" data-widget_type=\"heading.default\">\n\t\t\t\t\t<h2 class=\"elementor-heading-title elementor-size-default\">Um Obrigado Especial<\/h2>\t\t\t\t<\/div>\n\t\t\t\t<div class=\"elementor-element elementor-element-2d7e583 elementor-widget elementor-widget-text-editor\" data-id=\"2d7e583\" data-element_type=\"widget\" data-e-type=\"widget\" data-widget_type=\"text-editor.default\">\n\t\t\t\t\t\t\t\t\t<div>Nada disto seria poss\u00edvel sem os nossos clientes e parceiros. O\u00a0<span style=\"color: #d26900;\"><a style=\"color: #d26900;\" href=\"https:\/\/r.cinco-estrelas.pt\/vencedor\/avila-spaces\/\" target=\"_blank\" rel=\"noopener\">Pr\u00e9mio Cinco Estrelas Regi\u00f5es<\/a><\/span>\u00a0\u00e9 tanto nosso como vosso. Seguimos juntos, com a mesma paix\u00e3o, a reinventar o coworking em Portugal.<\/div><div>Fique a par das pr\u00f3ximas novidades e eventos do Avila Spaces e conhe\u00e7a todos os nossos servi\u00e7os\u00a0<span style=\"color: #d26900;\"><a style=\"color: #d26900;\" href=\"https:\/\/avilaspaces.com\/pt\/\" target=\"_blank\" rel=\"noopener\">aqui<\/a><\/span>!<\/div>\t\t\t\t\t\t\t\t<\/div>\n\t\t\t\t<div class=\"elementor-element elementor-element-9db6737 elementor-widget elementor-widget-image\" data-id=\"9db6737\" data-element_type=\"widget\" data-e-type=\"widget\" data-widget_type=\"image.default\">\n\t\t\t\t\t\t\t\t\t\t\t\t\t\t\t<img loading=\"lazy\" decoding=\"async\" width=\"800\" height=\"413\" src=\"https:\/\/avilaspaces.com\/wp-content\/uploads\/2025\/04\/reviews_imagem_texto_981x506.png\" class=\"attachment-large size-large wp-image-5108\" alt=\"\" srcset=\"https:\/\/avilaspaces.com\/wp-content\/uploads\/2025\/04\/reviews_imagem_texto_981x506.png 981w, https:\/\/avilaspaces.com\/wp-content\/uploads\/2025\/04\/reviews_imagem_texto_981x506-300x155.png 300w, https:\/\/avilaspaces.com\/wp-content\/uploads\/2025\/04\/reviews_imagem_texto_981x506-768x396.png 768w\" sizes=\"(max-width: 800px) 100vw, 800px\" \/>\t\t\t\t\t\t\t\t\t\t\t\t\t\t\t<\/div>\n\t\t\t\t\t<\/div>\n\t\t\t\t<\/div>\n\t\t\t\t\t<\/div>\n\t\t\t\t<\/div>\n\t\t<div class=\"elementor-element elementor-element-dd4e0f1 e-flex e-con-boxed e-con e-parent\" data-id=\"dd4e0f1\" data-element_type=\"container\" data-e-type=\"container\">\n\t\t\t\t\t<div class=\"e-con-inner\">\n\t\t\t\t<div class=\"elementor-element elementor-element-c3f46bc elementor-widget-divider--view-line elementor-widget elementor-widget-divider\" data-id=\"c3f46bc\" data-element_type=\"widget\" data-e-type=\"widget\" data-widget_type=\"divider.default\">\n\t\t\t\t\t\t\t<div class=\"elementor-divider\">\n\t\t\t<span class=\"elementor-divider-separator\">\n\t\t\t\t\t\t<\/span>\n\t\t<\/div>\n\t\t\t\t\t\t<\/div>\n\t\t\t\t\t<\/div>\n\t\t\t\t<\/div>\n\t\t<div class=\"elementor-element elementor-element-420f943 e-con-full e-flex e-con e-parent\" data-id=\"420f943\" data-element_type=\"container\" data-e-type=\"container\">\n\t\t\t\t<div class=\"elementor-element elementor-element-cac7ee2 elementor-widget elementor-widget-shortcode\" data-id=\"cac7ee2\" data-element_type=\"widget\" data-e-type=\"widget\" data-widget_type=\"shortcode.default\">\n\t\t\t\t\t\t\t<div class=\"elementor-shortcode\">\t\t<div data-elementor-type=\"section\" data-elementor-id=\"5749\" class=\"elementor elementor-5749 elementor-2921\" data-elementor-post-type=\"elementor_library\">\n\t\t\t<div class=\"elementor-element elementor-element-a2fcb72 e-con-full e-flex e-con e-parent\" data-id=\"a2fcb72\" data-element_type=\"container\" data-e-type=\"container\">\n\t\t<div class=\"elementor-element elementor-element-6e708d0 e-flex e-con-boxed e-con e-child\" data-id=\"6e708d0\" data-element_type=\"container\" data-e-type=\"container\">\n\t\t\t\t\t<div class=\"e-con-inner\">\n\t\t\t\t<div class=\"elementor-element elementor-element-8fb6688 elementor-align-justify elementor-widget__width-initial news-tab-show elementor-widget elementor-widget-button\" data-id=\"8fb6688\" data-element_type=\"widget\" data-e-type=\"widget\" id=\"read-more\" data-widget_type=\"button.default\">\n\t\t\t\t\t\t\t\t\t\t<a class=\"elementor-button elementor-size-sm\" role=\"button\">\n\t\t\t\t\t\t<span class=\"elementor-button-content-wrapper\">\n\t\t\t\t\t\t\t\t\t<span class=\"elementor-button-text\">read more<\/span>\n\t\t\t\t\t<\/span>\n\t\t\t\t\t<\/a>\n\t\t\t\t\t\t\t\t<\/div>\n\t\t\t\t<div class=\"elementor-element elementor-element-a498d68 elementor-align-justify elementor-widget__width-initial news-tab-show elementor-widget elementor-widget-button\" data-id=\"a498d68\" data-element_type=\"widget\" data-e-type=\"widget\" id=\"featured\" data-widget_type=\"button.default\">\n\t\t\t\t\t\t\t\t\t\t<a class=\"elementor-button elementor-size-sm\" role=\"button\">\n\t\t\t\t\t\t<span class=\"elementor-button-content-wrapper\">\n\t\t\t\t\t\t\t\t\t<span class=\"elementor-button-text\">featured<\/span>\n\t\t\t\t\t<\/span>\n\t\t\t\t\t<\/a>\n\t\t\t\t\t\t\t\t<\/div>\n\t\t\t\t\t<\/div>\n\t\t\t\t<\/div>\n\t\t<div class=\"elementor-element elementor-element-551e6af e-flex e-con-boxed e-con e-child\" data-id=\"551e6af\" data-element_type=\"container\" data-e-type=\"container\">\n\t\t\t\t\t<div class=\"e-con-inner\">\n\t\t<div class=\"elementor-element elementor-element-5315e34 e-con-full news-content-show e-flex e-con e-child\" data-id=\"5315e34\" data-element_type=\"container\" data-e-type=\"container\" id=\"read-more\">\n\t\t\t\t<div class=\"elementor-element elementor-element-3b043a7 elementor-hidden-tablet elementor-hidden-mobile elementor-widget elementor-widget-heading\" data-id=\"3b043a7\" data-element_type=\"widget\" data-e-type=\"widget\" data-widget_type=\"heading.default\">\n\t\t\t\t\t<h5 class=\"elementor-heading-title elementor-size-default\">Leia mais<\/h5>\t\t\t\t<\/div>\n\t\t\t\t<div class=\"elementor-element elementor-element-e042585 elementor-grid-1 elementor-posts--thumbnail-left home-skin-blog elementor-grid-tablet-1 elementor-grid-mobile-1 elementor-widget elementor-widget-posts\" data-id=\"e042585\" data-element_type=\"widget\" data-e-type=\"widget\" data-settings=\"{&quot;skin_blog_columns&quot;:&quot;1&quot;,&quot;skin_blog_row_gap&quot;:{&quot;unit&quot;:&quot;px&quot;,&quot;size&quot;:24,&quot;sizes&quot;:[]},&quot;skin_blog_columns_tablet&quot;:&quot;1&quot;,&quot;skin_blog_columns_mobile&quot;:&quot;1&quot;,&quot;skin_blog_row_gap_laptop&quot;:{&quot;unit&quot;:&quot;px&quot;,&quot;size&quot;:&quot;&quot;,&quot;sizes&quot;:[]},&quot;skin_blog_row_gap_tablet&quot;:{&quot;unit&quot;:&quot;px&quot;,&quot;size&quot;:&quot;&quot;,&quot;sizes&quot;:[]},&quot;skin_blog_row_gap_mobile&quot;:{&quot;unit&quot;:&quot;px&quot;,&quot;size&quot;:&quot;&quot;,&quot;sizes&quot;:[]}}\" data-widget_type=\"posts.skin_blog\">\n\t\t\t\t<div class=\"elementor-widget-container\">\n\t\t\t\t\t\t\t<div class=\"elementor-posts-container elementor-posts elementor-posts--skin-skin_blog elementor-grid\" role=\"list\">\n\t\t        <article class=\"elementor-post elementor-grid-item post-17455 post type-post status-publish format-standard has-post-thumbnail hentry category-noticias-da-empresa\">\n            \n            <a href=\"https:\/\/avilaspaces.com\/pt\/blog\/noticias-da-empresa\/avila-spaces-e-great-place-to-work-2026\/\" class=\"elementor-post__thumbnail__link\">\n                <div class=\"elementor-post__thumbnail\">\n                                            <img decoding=\"async\" src=\"https:\/\/avilaspaces.com\/wp-content\/uploads\/2026\/04\/Eventos-Office-RnD-10-1.jpg\" alt=\"Avila Spaces \u00e9 Great Place to Work 2026\">\n                                    <\/div>\n            <\/a>\n        \n            <div class=\"elementor-post__text\">\n            \n                <div class=\"elementor-post__meta-data\">\n                                                                        <span class=\"elementor-post__category\">Not\u00edcias da empresa<\/span>\n                                                            <\/div>\n                \n                \t\t<h5 class=\"elementor-post__title\">\n\t\t\t<a href=\"https:\/\/avilaspaces.com\/pt\/blog\/noticias-da-empresa\/avila-spaces-e-great-place-to-work-2026\/\">\n\t\t\t\tAvila Spaces \u00e9 Great Place to Work 2026\t\t\t<\/a>\n\t\t<\/h5>\n\t\t                \n                                \n                                    \n            <\/div>\n        \n        <\/article>\n                <article class=\"elementor-post elementor-grid-item post-21451 post type-post status-publish format-standard has-post-thumbnail hentry category-noticias-da-empresa\">\n            \n            <a href=\"https:\/\/avilaspaces.com\/pt\/blog\/noticias-da-empresa\/5-razoes-para-trabalhar-em-lisboa-portugal\/\" class=\"elementor-post__thumbnail__link\">\n                <div class=\"elementor-post__thumbnail\">\n                                            <img decoding=\"async\" src=\"https:\/\/avilaspaces.com\/wp-content\/uploads\/2025\/10\/Avila-Lounge-Atrium-12-3-scaled.jpg\" alt=\"5 raz\u00f5es para trabalhar em Lisboa, Portugal\">\n                                    <\/div>\n            <\/a>\n        \n            <div class=\"elementor-post__text\">\n            \n                <div class=\"elementor-post__meta-data\">\n                                                                        <span class=\"elementor-post__category\">Not\u00edcias da empresa<\/span>\n                                                            <\/div>\n                \n                \t\t<h5 class=\"elementor-post__title\">\n\t\t\t<a href=\"https:\/\/avilaspaces.com\/pt\/blog\/noticias-da-empresa\/5-razoes-para-trabalhar-em-lisboa-portugal\/\">\n\t\t\t\t5 raz\u00f5es para trabalhar em Lisboa, Portugal\t\t\t<\/a>\n\t\t<\/h5>\n\t\t                \n                                \n                                    \n            <\/div>\n        \n        <\/article>\n                <article class=\"elementor-post elementor-grid-item post-5744 post type-post status-publish format-standard has-post-thumbnail hentry category-destaque category-virtual-office\">\n            \n            <a href=\"https:\/\/avilaspaces.com\/pt\/blog\/destaque\/the-importance-of-wellbeing-in-talent-retention\/\" class=\"elementor-post__thumbnail__link\">\n                <div class=\"elementor-post__thumbnail\">\n                                            <img decoding=\"async\" src=\"https:\/\/avilaspaces.com\/wp-content\/uploads\/2025\/10\/Homem-a-trabalhar-em-lounge-moderno-1.png\" alt=\"A import\u00e2ncia do bem-estar na reten\u00e7\u00e3o de talentos\">\n                                    <\/div>\n            <\/a>\n        \n            <div class=\"elementor-post__text\">\n            \n                <div class=\"elementor-post__meta-data\">\n                                                                        <span class=\"elementor-post__category\">Escrit\u00f3rio Virtual<\/span>\n                                                            <\/div>\n                \n                \t\t<h5 class=\"elementor-post__title\">\n\t\t\t<a href=\"https:\/\/avilaspaces.com\/pt\/blog\/destaque\/the-importance-of-wellbeing-in-talent-retention\/\">\n\t\t\t\tA import\u00e2ncia do bem-estar na reten\u00e7\u00e3o de talentos\t\t\t<\/a>\n\t\t<\/h5>\n\t\t                \n                                \n                                    \n            <\/div>\n        \n        <\/article>\n        \t\t<\/div>\n\t\t\n\t\t\t\t\t\t<\/div>\n\t\t\t\t<\/div>\n\t\t\t\t<\/div>\n\t\t<div class=\"elementor-element elementor-element-a6777b9 e-con-full news-content-show e-flex e-con e-child\" data-id=\"a6777b9\" data-element_type=\"container\" data-e-type=\"container\" id=\"featured\">\n\t\t\t\t<div class=\"elementor-element elementor-element-2e32761 elementor-hidden-tablet elementor-hidden-mobile elementor-widget elementor-widget-heading\" data-id=\"2e32761\" data-element_type=\"widget\" data-e-type=\"widget\" data-widget_type=\"heading.default\">\n\t\t\t\t\t<h5 class=\"elementor-heading-title elementor-size-default\">not\u00edcias em destaque<\/h5>\t\t\t\t<\/div>\n\t\t\t\t<\/div>\n\t\t\t\t\t<\/div>\n\t\t\t\t<\/div>\n\t\t\t\t<\/div>\n\t\t\t\t<\/div>\n\t\t<\/div>\n\t\t\t\t\t\t<\/div>\n\t\t\t\t<\/div>\n\t\t\t\t<\/div>\n\t\t","protected":false},"excerpt":{"rendered":"<p>Avila Spaces was awarded the prestigious &#8220;Five Star Regions Award&#8221; in the &#8220;Coworking&#8221; category&#8230;<\/p>\n","protected":false},"author":8,"featured_media":21254,"comment_status":"open","ping_status":"open","sticky":false,"template":"elementor_header_footer","format":"standard","meta":{"_acf_changed":false,"inline_featured_image":false,"footnotes":""},"categories":[47],"tags":[],"class_list":["post-15764","post","type-post","status-publish","format-standard","has-post-thumbnail","hentry","category-espaco-de-escritorios"],"acf":[],"_links":{"self":[{"href":"https:\/\/avilaspaces.com\/pt\/wp-json\/wp\/v2\/posts\/15764","targetHints":{"allow":["GET"]}}],"collection":[{"href":"https:\/\/avilaspaces.com\/pt\/wp-json\/wp\/v2\/posts"}],"about":[{"href":"https:\/\/avilaspaces.com\/pt\/wp-json\/wp\/v2\/types\/post"}],"author":[{"embeddable":true,"href":"https:\/\/avilaspaces.com\/pt\/wp-json\/wp\/v2\/users\/8"}],"replies":[{"embeddable":true,"href":"https:\/\/avilaspaces.com\/pt\/wp-json\/wp\/v2\/comments?post=15764"}],"version-history":[{"count":9,"href":"https:\/\/avilaspaces.com\/pt\/wp-json\/wp\/v2\/posts\/15764\/revisions"}],"predecessor-version":[{"id":16109,"href":"https:\/\/avilaspaces.com\/pt\/wp-json\/wp\/v2\/posts\/15764\/revisions\/16109"}],"wp:featuredmedia":[{"embeddable":true,"href":"https:\/\/avilaspaces.com\/pt\/wp-json\/wp\/v2\/media\/21254"}],"wp:attachment":[{"href":"https:\/\/avilaspaces.com\/pt\/wp-json\/wp\/v2\/media?parent=15764"}],"wp:term":[{"taxonomy":"category","embeddable":true,"href":"https:\/\/avilaspaces.com\/pt\/wp-json\/wp\/v2\/categories?post=15764"},{"taxonomy":"post_tag","embeddable":true,"href":"https:\/\/avilaspaces.com\/pt\/wp-json\/wp\/v2\/tags?post=15764"}],"curies":[{"name":"wp","href":"https:\/\/api.w.org\/{rel}","templated":true}]}}