{"id":15965,"date":"2024-01-26T16:21:23","date_gmt":"2024-01-26T16:21:23","guid":{"rendered":"https:\/\/avilaspaces.com\/blog\/uncategorized-pt\/avila-spaces-officially-opens-cowork-cafe\/"},"modified":"2026-04-06T16:53:27","modified_gmt":"2026-04-06T16:53:27","slug":"avila-spaces-inaugura-oficialmente-o-cowork-cafe","status":"publish","type":"post","link":"https:\/\/avilaspaces.com\/pt\/blog\/coworking\/avila-spaces-inaugura-oficialmente-o-cowork-cafe\/","title":{"rendered":"Avila Spaces inaugura oficialmente o Cowork Caf\u00e9"},"content":{"rendered":"\t\t<div data-elementor-type=\"wp-post\" data-elementor-id=\"15965\" class=\"elementor elementor-15965 elementor-15959\" data-elementor-post-type=\"post\">\n\t\t\t\t<div class=\"elementor-element elementor-element-ac66b2a e-con-full e-flex e-con e-parent\" data-id=\"ac66b2a\" data-element_type=\"container\" data-e-type=\"container\">\n\t\t<div class=\"elementor-element elementor-element-af717a1 e-flex e-con-boxed e-con e-child\" data-id=\"af717a1\" data-element_type=\"container\" data-e-type=\"container\">\n\t\t\t\t\t<div class=\"e-con-inner\">\n\t\t\t\t<div class=\"elementor-element elementor-element-e853e9f elementor-widget elementor-widget-shortcode\" data-id=\"e853e9f\" data-element_type=\"widget\" data-e-type=\"widget\" data-widget_type=\"shortcode.default\">\n\t\t\t\t\t\t\t<div class=\"elementor-shortcode\"><\/div>\n\t\t\t\t\t\t<\/div>\n\t\t\t\t<div class=\"elementor-element elementor-element-3955e80 elementor-widget__width-initial elementor-widget elementor-widget-heading\" data-id=\"3955e80\" data-element_type=\"widget\" data-e-type=\"widget\" data-widget_type=\"heading.default\">\n\t\t\t\t\t<h1 class=\"elementor-heading-title elementor-size-default\">Avila Spaces inaugura oficialmente o Cowork Caf\u00e9<\/h1>\t\t\t\t<\/div>\n\t\t\t\t<div class=\"elementor-element elementor-element-c479311 elementor-hidden-mobile elementor-widget elementor-widget-shortcode\" data-id=\"c479311\" data-element_type=\"widget\" data-e-type=\"widget\" data-widget_type=\"shortcode.default\">\n\t\t\t\t\t\t\t<div class=\"elementor-shortcode\"><div class=\"article-info\"><span class=\"date\">26 Jan 2024<\/span><span class=\"author\">Por<label>Zyrgon<\/label><\/span><\/div><\/div>\n\t\t\t\t\t\t<\/div>\n\t\t\t\t<div class=\"elementor-element elementor-element-7568962 elementor-widget-divider--view-line elementor-widget elementor-widget-divider\" data-id=\"7568962\" data-element_type=\"widget\" data-e-type=\"widget\" data-widget_type=\"divider.default\">\n\t\t\t\t\t\t\t<div class=\"elementor-divider\">\n\t\t\t<span class=\"elementor-divider-separator\">\n\t\t\t\t\t\t<\/span>\n\t\t<\/div>\n\t\t\t\t\t\t<\/div>\n\t\t\t\t<div class=\"elementor-element elementor-element-ee2df4a elementor-widget elementor-widget-text-editor\" data-id=\"ee2df4a\" data-element_type=\"widget\" data-e-type=\"widget\" data-widget_type=\"text-editor.default\">\n\t\t\t\t\t\t\t\t\tDepois de ter entrado em soft opening desde o in\u00edcio de Dezembro, o Cowork Caf\u00e9 foi oficialmente inaugurado no Parque das Na\u00e7\u00f5es, com a presen\u00e7a do Presidente da C\u00e2mara Municipal de Lisboa, Carlos Moedas. A ocupa\u00e7\u00e3o j\u00e1 est\u00e1 acima de 50%.\t\t\t\t\t\t\t\t<\/div>\n\t\t\t\t<div class=\"elementor-element elementor-element-2cb688f elementor-widget elementor-widget-text-editor\" data-id=\"2cb688f\" data-element_type=\"widget\" data-e-type=\"widget\" data-widget_type=\"text-editor.default\">\n\t\t\t\t\t\t\t\t\t<p>O terceiro espa\u00e7o preparado para trabalho h\u00edbrido, coworking e escrit\u00f3rios privativos do Avila Spaces foi inaugurado de forma oficial no passado dia 24 de Janeiro, no Parque das Na\u00e7\u00f5es, depois de cerca de um m\u00eas em regime de soft opening.<\/p><p>O momento contou com a presen\u00e7a do Presidente da C\u00e2mara Municipal de Lisboa, Carlos Moedas; do vereador Diogo Moura, da mesma edilidade; do Presidente da Junta Freguesia do Parque das Na\u00e7\u00f5es, Carlos Ardisson; e do Presidente da Federa\u00e7\u00e3o Portuguesa de Golfe, Miguel Franco de Sousa, um dos principais parceiros do Avila Spaces.<\/p>\t\t\t\t\t\t\t\t<\/div>\n\t\t\t\t<div class=\"elementor-element elementor-element-2cc4ce3 elementor-widget elementor-widget-heading\" data-id=\"2cc4ce3\" data-element_type=\"widget\" data-e-type=\"widget\" data-widget_type=\"heading.default\">\n\t\t\t\t\t<h3 class=\"elementor-heading-title elementor-size-default\">\"Num ambiente de espa\u00e7os de trabalho partilhados, os membros do Avila Spaces podem fazer uma pausa e desfrutar de um menu completo onde est\u00e3o, por exemplo, capuccinos, ch\u00e1s, sumos naturais, cocktails, vinhos e cervejas.\"<\/h3>\t\t\t\t<\/div>\n\t\t\t\t<div class=\"elementor-element elementor-element-c56fd56 elementor-widget elementor-widget-text-editor\" data-id=\"c56fd56\" data-element_type=\"widget\" data-e-type=\"widget\" data-widget_type=\"text-editor.default\">\n\t\t\t\t\t\t\t\t\t<p>Esta inova\u00e7\u00e3o do Avila Spaces, que em 2023 foi considerado o Melhor Coworking do Mundo nos Global Startup Awards, surge como resposta \u00e0 crescente procura das empresas que est\u00e3o a \u00abadoptar o modelo h\u00edbrido de trabalho, um conceito que re\u00fane o melhor de dois mundos: liberdade de movimento e um regime de tudo inclu\u00eddo, em que os colaboradores podem trabalhar a partir de v\u00e1rios locais da cidade\u00bb, sublinha Carlos Gon\u00e7alves, CEO do Avila Spaces.<\/p><p>O Cowork Caf\u00e9 \u00e9 o primeiro espa\u00e7o do Avila Spaces a integrar um servi\u00e7o de barista criado em parceria com a Pastelaria Versailles, a F\u00e1brica Coffee Roasters, a Sage, a Gin Lovers e a Bacana Sangria. Num ambiente de espa\u00e7os de trabalho partilhados, os membros do Avila Spaces podem fazer uma pausa e desfrutar de um menu completo onde est\u00e3o, por exemplo, capuccinos, ch\u00e1s, sumos naturais, cocktails, vinhos e cervejas.<\/p>\t\t\t\t\t\t\t\t<\/div>\n\t\t\t\t<div class=\"elementor-element elementor-element-c75aa34 elementor-widget elementor-widget-text-editor\" data-id=\"c75aa34\" data-element_type=\"widget\" data-e-type=\"widget\" data-widget_type=\"text-editor.default\">\n\t\t\t\t\t\t\t\t\t<div><div><p>Esta inaugura\u00e7\u00e3o surge num momento em que o Cowork Caf\u00e9 regista uma ocupa\u00e7\u00e3o acima dos 50% e com grandes empresas: entre estas est\u00e3o a Bridgestone, a Talkdesk e a Intellias.<\/p><\/div><div>O Cowork Caf\u00e9 tem um total de 1300 metros quadrados divididos por dois pisos (700 + 300 metros quadrados) e fica no edif\u00edcio Expo 98, na Av. D. Jo\u00e3o II, Lote 1.07.2.1 &#8211; a cinco minutos do metro e da esta\u00e7\u00e3o de comboios do Oriente; e a dez minutos do Aeroporto de Lisboa. No total, s\u00e3o 12\u00a0<span style=\"color: #d26900;\"><a style=\"color: #d26900;\" href=\"http:\/\/avilaspaces.com\/pt\/servicos\/centro-escritorios-lisboa\/\">escrit\u00f3rios privativos<\/a><\/span>\u00a0(168 postos trabalho), 128 lugares de\u00a0<span style=\"color: #d26900;\"><a style=\"color: #d26900;\" href=\"http:\/\/avilaspaces.com\/pt\/servicos\/coworking-lisboa\/\" target=\"_blank\" rel=\"noopener\">cowork<\/a><\/span>, 15 phoneboots, 9\u00a0<span style=\"color: #d26900;\"><a style=\"color: #d26900;\" href=\"http:\/\/avilaspaces.com\/pt\/servicos\/salas-de-reuniao-lisboa\/\" target=\"_blank\" rel=\"noopener\">salas de reuni\u00e3o<\/a><\/span>, a Innovation Room (uma sala preparada especificamente para brainstormings e cria\u00e7\u00e3o de novas ideias) e um audit\u00f3rio, no piso t\u00e9rreo, com capacidade m\u00e1xima de cem pessoas. \u00c9 tamb\u00e9m aqui que fica o servi\u00e7o de barista do Avila.<\/div><div><p>O Cowork Caf\u00e9 tem espa\u00e7os de coworking a partir de 220 euros\/m\u00eas ou 22 euros\/dia + IVA (este valor \u00e9 v\u00e1lido na compra de packs de dez dias); j\u00e1 os escrit\u00f3rios privativos come\u00e7am nos 400 euros\/m\u00eas, por posto de trabalho. Lembre-se que todos os clientes de cowork do Avila podem utilizar as tr\u00eas localiza\u00e7\u00f5es, pagando apenas uma mensalidade. Todas as informa\u00e7\u00f5es sobre planos e servi\u00e7os do Avila Spaces no Business Lounge, Work City e Cowork Caf\u00e9 est\u00e3o em\u00a0<a href=\"http:\/\/avilaspaces.com\/pt\/\" target=\"_blank\" rel=\"noopener\"><span style=\"color: #d26900;\">avilaspaces.com<\/span><\/a>.<\/p><p>Assista aqui aos melhores momentos da inaugura\u00e7\u00e3o do terceiro espa\u00e7o de escrit\u00f3rios e cowork do Avila Spaces, no Parque das Na\u00e7\u00f5es:\u00a0<span style=\"color: #d26900;\"><a style=\"color: #d26900;\" href=\"https:\/\/youtu.be\/9Er_hRKUgfs\" target=\"_blank\" rel=\"noopener\">https:\/\/youtu.be\/9Er_hRKUgfs<\/a><\/span><\/p><\/div><\/div><div>\u00a0<\/div>\t\t\t\t\t\t\t\t<\/div>\n\t\t\t\t\t<\/div>\n\t\t\t\t<\/div>\n\t\t\t\t<\/div>\n\t\t<div class=\"elementor-element elementor-element-69eebba e-flex e-con-boxed e-con e-parent\" data-id=\"69eebba\" data-element_type=\"container\" data-e-type=\"container\">\n\t\t\t\t\t<div class=\"e-con-inner\">\n\t\t\t\t<div class=\"elementor-element elementor-element-b4aebc9 elementor-widget-divider--view-line elementor-widget elementor-widget-divider\" data-id=\"b4aebc9\" data-element_type=\"widget\" data-e-type=\"widget\" data-widget_type=\"divider.default\">\n\t\t\t\t\t\t\t<div class=\"elementor-divider\">\n\t\t\t<span class=\"elementor-divider-separator\">\n\t\t\t\t\t\t<\/span>\n\t\t<\/div>\n\t\t\t\t\t\t<\/div>\n\t\t\t\t\t<\/div>\n\t\t\t\t<\/div>\n\t\t<div class=\"elementor-element elementor-element-491ad1c e-con-full e-flex e-con e-parent\" data-id=\"491ad1c\" data-element_type=\"container\" data-e-type=\"container\">\n\t\t\t\t<div class=\"elementor-element elementor-element-3963d0c elementor-widget elementor-widget-shortcode\" data-id=\"3963d0c\" data-element_type=\"widget\" data-e-type=\"widget\" data-widget_type=\"shortcode.default\">\n\t\t\t\t\t\t\t<div class=\"elementor-shortcode\">\t\t<div data-elementor-type=\"section\" data-elementor-id=\"5749\" class=\"elementor elementor-5749 elementor-2921\" data-elementor-post-type=\"elementor_library\">\n\t\t\t<div class=\"elementor-element elementor-element-a2fcb72 e-con-full e-flex e-con e-parent\" data-id=\"a2fcb72\" data-element_type=\"container\" data-e-type=\"container\">\n\t\t<div class=\"elementor-element elementor-element-6e708d0 e-flex e-con-boxed e-con e-child\" data-id=\"6e708d0\" data-element_type=\"container\" data-e-type=\"container\">\n\t\t\t\t\t<div class=\"e-con-inner\">\n\t\t\t\t<div class=\"elementor-element elementor-element-8fb6688 elementor-align-justify elementor-widget__width-initial news-tab-show elementor-widget elementor-widget-button\" data-id=\"8fb6688\" data-element_type=\"widget\" data-e-type=\"widget\" id=\"read-more\" data-widget_type=\"button.default\">\n\t\t\t\t\t\t\t\t\t\t<a class=\"elementor-button elementor-size-sm\" role=\"button\">\n\t\t\t\t\t\t<span class=\"elementor-button-content-wrapper\">\n\t\t\t\t\t\t\t\t\t<span class=\"elementor-button-text\">read more<\/span>\n\t\t\t\t\t<\/span>\n\t\t\t\t\t<\/a>\n\t\t\t\t\t\t\t\t<\/div>\n\t\t\t\t<div class=\"elementor-element elementor-element-a498d68 elementor-align-justify elementor-widget__width-initial news-tab-show elementor-widget elementor-widget-button\" data-id=\"a498d68\" data-element_type=\"widget\" data-e-type=\"widget\" id=\"featured\" data-widget_type=\"button.default\">\n\t\t\t\t\t\t\t\t\t\t<a class=\"elementor-button elementor-size-sm\" role=\"button\">\n\t\t\t\t\t\t<span class=\"elementor-button-content-wrapper\">\n\t\t\t\t\t\t\t\t\t<span class=\"elementor-button-text\">featured<\/span>\n\t\t\t\t\t<\/span>\n\t\t\t\t\t<\/a>\n\t\t\t\t\t\t\t\t<\/div>\n\t\t\t\t\t<\/div>\n\t\t\t\t<\/div>\n\t\t<div class=\"elementor-element elementor-element-551e6af e-flex e-con-boxed e-con e-child\" data-id=\"551e6af\" data-element_type=\"container\" data-e-type=\"container\">\n\t\t\t\t\t<div class=\"e-con-inner\">\n\t\t<div class=\"elementor-element elementor-element-5315e34 e-con-full news-content-show e-flex e-con e-child\" data-id=\"5315e34\" data-element_type=\"container\" data-e-type=\"container\" id=\"read-more\">\n\t\t\t\t<div class=\"elementor-element elementor-element-3b043a7 elementor-hidden-tablet elementor-hidden-mobile elementor-widget elementor-widget-heading\" data-id=\"3b043a7\" data-element_type=\"widget\" data-e-type=\"widget\" data-widget_type=\"heading.default\">\n\t\t\t\t\t<h5 class=\"elementor-heading-title elementor-size-default\">Leia mais<\/h5>\t\t\t\t<\/div>\n\t\t\t\t<div class=\"elementor-element elementor-element-e042585 elementor-grid-1 elementor-posts--thumbnail-left home-skin-blog elementor-grid-tablet-1 elementor-grid-mobile-1 elementor-widget elementor-widget-posts\" data-id=\"e042585\" data-element_type=\"widget\" data-e-type=\"widget\" data-settings=\"{&quot;skin_blog_columns&quot;:&quot;1&quot;,&quot;skin_blog_row_gap&quot;:{&quot;unit&quot;:&quot;px&quot;,&quot;size&quot;:24,&quot;sizes&quot;:[]},&quot;skin_blog_columns_tablet&quot;:&quot;1&quot;,&quot;skin_blog_columns_mobile&quot;:&quot;1&quot;,&quot;skin_blog_row_gap_laptop&quot;:{&quot;unit&quot;:&quot;px&quot;,&quot;size&quot;:&quot;&quot;,&quot;sizes&quot;:[]},&quot;skin_blog_row_gap_tablet&quot;:{&quot;unit&quot;:&quot;px&quot;,&quot;size&quot;:&quot;&quot;,&quot;sizes&quot;:[]},&quot;skin_blog_row_gap_mobile&quot;:{&quot;unit&quot;:&quot;px&quot;,&quot;size&quot;:&quot;&quot;,&quot;sizes&quot;:[]}}\" data-widget_type=\"posts.skin_blog\">\n\t\t\t\t<div class=\"elementor-widget-container\">\n\t\t\t\t\t\t\t<div class=\"elementor-posts-container elementor-posts elementor-posts--skin-skin_blog elementor-grid\" role=\"list\">\n\t\t        <article class=\"elementor-post elementor-grid-item post-17455 post type-post status-publish format-standard has-post-thumbnail hentry category-noticias-da-empresa\">\n            \n            <a href=\"https:\/\/avilaspaces.com\/pt\/blog\/noticias-da-empresa\/avila-spaces-e-great-place-to-work-2026\/\" class=\"elementor-post__thumbnail__link\">\n                <div class=\"elementor-post__thumbnail\">\n                                            <img decoding=\"async\" src=\"https:\/\/avilaspaces.com\/wp-content\/uploads\/2026\/04\/Eventos-Office-RnD-10-1.jpg\" alt=\"Avila Spaces \u00e9 Great Place to Work 2026\">\n                                    <\/div>\n            <\/a>\n        \n            <div class=\"elementor-post__text\">\n            \n                <div class=\"elementor-post__meta-data\">\n                                                                        <span class=\"elementor-post__category\">Not\u00edcias da empresa<\/span>\n                                                            <\/div>\n                \n                \t\t<h5 class=\"elementor-post__title\">\n\t\t\t<a href=\"https:\/\/avilaspaces.com\/pt\/blog\/noticias-da-empresa\/avila-spaces-e-great-place-to-work-2026\/\">\n\t\t\t\tAvila Spaces \u00e9 Great Place to Work 2026\t\t\t<\/a>\n\t\t<\/h5>\n\t\t                \n                                \n                                    \n            <\/div>\n        \n        <\/article>\n                <article class=\"elementor-post elementor-grid-item post-21451 post type-post status-publish format-standard has-post-thumbnail hentry category-noticias-da-empresa\">\n            \n            <a href=\"https:\/\/avilaspaces.com\/pt\/blog\/noticias-da-empresa\/5-razoes-para-trabalhar-em-lisboa-portugal\/\" class=\"elementor-post__thumbnail__link\">\n                <div class=\"elementor-post__thumbnail\">\n                                            <img decoding=\"async\" src=\"https:\/\/avilaspaces.com\/wp-content\/uploads\/2025\/10\/Avila-Lounge-Atrium-12-3-scaled.jpg\" alt=\"5 raz\u00f5es para trabalhar em Lisboa, Portugal\">\n                                    <\/div>\n            <\/a>\n        \n            <div class=\"elementor-post__text\">\n            \n                <div class=\"elementor-post__meta-data\">\n                                                                        <span class=\"elementor-post__category\">Not\u00edcias da empresa<\/span>\n                                                            <\/div>\n                \n                \t\t<h5 class=\"elementor-post__title\">\n\t\t\t<a href=\"https:\/\/avilaspaces.com\/pt\/blog\/noticias-da-empresa\/5-razoes-para-trabalhar-em-lisboa-portugal\/\">\n\t\t\t\t5 raz\u00f5es para trabalhar em Lisboa, Portugal\t\t\t<\/a>\n\t\t<\/h5>\n\t\t                \n                                \n                                    \n            <\/div>\n        \n        <\/article>\n                <article class=\"elementor-post elementor-grid-item post-5744 post type-post status-publish format-standard has-post-thumbnail hentry category-destaque category-virtual-office\">\n            \n            <a href=\"https:\/\/avilaspaces.com\/pt\/blog\/destaque\/the-importance-of-wellbeing-in-talent-retention\/\" class=\"elementor-post__thumbnail__link\">\n                <div class=\"elementor-post__thumbnail\">\n                                            <img decoding=\"async\" src=\"https:\/\/avilaspaces.com\/wp-content\/uploads\/2025\/10\/Homem-a-trabalhar-em-lounge-moderno-1.png\" alt=\"A import\u00e2ncia do bem-estar na reten\u00e7\u00e3o de talentos\">\n                                    <\/div>\n            <\/a>\n        \n            <div class=\"elementor-post__text\">\n            \n                <div class=\"elementor-post__meta-data\">\n                                                                        <span class=\"elementor-post__category\">Escrit\u00f3rio Virtual<\/span>\n                                                            <\/div>\n                \n                \t\t<h5 class=\"elementor-post__title\">\n\t\t\t<a href=\"https:\/\/avilaspaces.com\/pt\/blog\/destaque\/the-importance-of-wellbeing-in-talent-retention\/\">\n\t\t\t\tA import\u00e2ncia do bem-estar na reten\u00e7\u00e3o de talentos\t\t\t<\/a>\n\t\t<\/h5>\n\t\t                \n                                \n                                    \n            <\/div>\n        \n        <\/article>\n        \t\t<\/div>\n\t\t\n\t\t\t\t\t\t<\/div>\n\t\t\t\t<\/div>\n\t\t\t\t<\/div>\n\t\t<div class=\"elementor-element elementor-element-a6777b9 e-con-full news-content-show e-flex e-con e-child\" data-id=\"a6777b9\" data-element_type=\"container\" data-e-type=\"container\" id=\"featured\">\n\t\t\t\t<div class=\"elementor-element elementor-element-2e32761 elementor-hidden-tablet elementor-hidden-mobile elementor-widget elementor-widget-heading\" data-id=\"2e32761\" data-element_type=\"widget\" data-e-type=\"widget\" data-widget_type=\"heading.default\">\n\t\t\t\t\t<h5 class=\"elementor-heading-title elementor-size-default\">not\u00edcias em destaque<\/h5>\t\t\t\t<\/div>\n\t\t\t\t<\/div>\n\t\t\t\t\t<\/div>\n\t\t\t\t<\/div>\n\t\t\t\t<\/div>\n\t\t\t\t<\/div>\n\t\t<\/div>\n\t\t\t\t\t\t<\/div>\n\t\t\t\t<\/div>\n\t\t\t\t<\/div>\n\t\t","protected":false},"excerpt":{"rendered":"<p>Depois de ter entrado em soft opening desde o in\u00edcio de Dezembro, o Cowork Caf\u00e9 foi oficialmente inaugurado no Parque das Na\u00e7\u00f5es, com a presen\u00e7a do Presidente da C\u00e2mara Municipal de Lisboa, Carlos Moedas.<\/p>\n","protected":false},"author":1,"featured_media":21214,"comment_status":"open","ping_status":"open","sticky":false,"template":"elementor_header_footer","format":"standard","meta":{"_acf_changed":false,"inline_featured_image":false,"footnotes":""},"categories":[45,71],"tags":[],"class_list":["post-15965","post","type-post","status-publish","format-standard","has-post-thumbnail","hentry","category-coworking","category-noticias-da-empresa"],"acf":[],"_links":{"self":[{"href":"https:\/\/avilaspaces.com\/pt\/wp-json\/wp\/v2\/posts\/15965","targetHints":{"allow":["GET"]}}],"collection":[{"href":"https:\/\/avilaspaces.com\/pt\/wp-json\/wp\/v2\/posts"}],"about":[{"href":"https:\/\/avilaspaces.com\/pt\/wp-json\/wp\/v2\/types\/post"}],"author":[{"embeddable":true,"href":"https:\/\/avilaspaces.com\/pt\/wp-json\/wp\/v2\/users\/1"}],"replies":[{"embeddable":true,"href":"https:\/\/avilaspaces.com\/pt\/wp-json\/wp\/v2\/comments?post=15965"}],"version-history":[{"count":10,"href":"https:\/\/avilaspaces.com\/pt\/wp-json\/wp\/v2\/posts\/15965\/revisions"}],"predecessor-version":[{"id":16084,"href":"https:\/\/avilaspaces.com\/pt\/wp-json\/wp\/v2\/posts\/15965\/revisions\/16084"}],"wp:featuredmedia":[{"embeddable":true,"href":"https:\/\/avilaspaces.com\/pt\/wp-json\/wp\/v2\/media\/21214"}],"wp:attachment":[{"href":"https:\/\/avilaspaces.com\/pt\/wp-json\/wp\/v2\/media?parent=15965"}],"wp:term":[{"taxonomy":"category","embeddable":true,"href":"https:\/\/avilaspaces.com\/pt\/wp-json\/wp\/v2\/categories?post=15965"},{"taxonomy":"post_tag","embeddable":true,"href":"https:\/\/avilaspaces.com\/pt\/wp-json\/wp\/v2\/tags?post=15965"}],"curies":[{"name":"wp","href":"https:\/\/api.w.org\/{rel}","templated":true}]}}