{"id":21469,"date":"2024-03-10T13:23:06","date_gmt":"2024-03-10T13:23:06","guid":{"rendered":"https:\/\/avilaspaces.com\/blog\/uncategorized-pt\/avila-spaces-the-best-cowork-in-lisbon\/"},"modified":"2026-04-23T16:26:34","modified_gmt":"2026-04-23T16:26:34","slug":"avila-spaces-o-melhor-coworking-em-lisboa","status":"publish","type":"post","link":"https:\/\/avilaspaces.com\/pt\/blog\/espaco-de-escritorios\/avila-spaces-o-melhor-coworking-em-lisboa\/","title":{"rendered":"Avila Spaces: o melhor coworking em Lisboa"},"content":{"rendered":"\t\t<div data-elementor-type=\"wp-post\" data-elementor-id=\"21469\" class=\"elementor elementor-21469 elementor-15677\" data-elementor-post-type=\"post\">\n\t\t\t\t<div class=\"elementor-element elementor-element-ac66b2a e-con-full e-flex e-con e-parent\" data-id=\"ac66b2a\" data-element_type=\"container\" data-e-type=\"container\">\n\t\t<div class=\"elementor-element elementor-element-af717a1 e-flex e-con-boxed e-con e-child\" data-id=\"af717a1\" data-element_type=\"container\" data-e-type=\"container\">\n\t\t\t\t\t<div class=\"e-con-inner\">\n\t\t\t\t<div class=\"elementor-element elementor-element-e853e9f elementor-widget elementor-widget-shortcode\" data-id=\"e853e9f\" data-element_type=\"widget\" data-e-type=\"widget\" data-widget_type=\"shortcode.default\">\n\t\t\t\t\t\t\t<div class=\"elementor-shortcode\"><\/div>\n\t\t\t\t\t\t<\/div>\n\t\t\t\t<div class=\"elementor-element elementor-element-3955e80 elementor-widget__width-initial elementor-widget elementor-widget-heading\" data-id=\"3955e80\" data-element_type=\"widget\" data-e-type=\"widget\" data-widget_type=\"heading.default\">\n\t\t\t\t\t<h1 class=\"elementor-heading-title elementor-size-default\">Avila Spaces: o melhor coworking em Lisboa<\/h1>\t\t\t\t<\/div>\n\t\t\t\t<div class=\"elementor-element elementor-element-c479311 elementor-hidden-mobile elementor-widget elementor-widget-shortcode\" data-id=\"c479311\" data-element_type=\"widget\" data-e-type=\"widget\" data-widget_type=\"shortcode.default\">\n\t\t\t\t\t\t\t<div class=\"elementor-shortcode\"><div class=\"article-info\"><span class=\"date\">10 Mar 2024<\/span><span class=\"author\">Por<label>Avila Spaces<\/label><\/span><\/div><\/div>\n\t\t\t\t\t\t<\/div>\n\t\t\t\t<div class=\"elementor-element elementor-element-7568962 elementor-widget-divider--view-line elementor-widget elementor-widget-divider\" data-id=\"7568962\" data-element_type=\"widget\" data-e-type=\"widget\" data-widget_type=\"divider.default\">\n\t\t\t\t\t\t\t<div class=\"elementor-divider\">\n\t\t\t<span class=\"elementor-divider-separator\">\n\t\t\t\t\t\t<\/span>\n\t\t<\/div>\n\t\t\t\t\t\t<\/div>\n\t\t\t\t<div class=\"elementor-element elementor-element-fd36062 elementor-widget elementor-widget-text-editor\" data-id=\"fd36062\" data-element_type=\"widget\" data-e-type=\"widget\" data-widget_type=\"text-editor.default\">\n\t\t\t\t\t\t\t\t\t<p data-start=\"0\" data-end=\"273\">Apenas um ano depois de vencer o pr\u00e9mio de Melhor Coworking em Lisboa, a Avila Spaces continua a ser o espa\u00e7o de coworking mais popular no coworker.com! Um grande obrigado a cada membro da nossa comunidade por votar em n\u00f3s e por ajudar a tornar o nosso espa\u00e7o t\u00e3o especial.<\/p><p data-start=\"275\" data-end=\"646\">Atribu\u00eddos pelo coworker.com, os Coworker Members&#8217; Choice Awards s\u00e3o os \u00fanicos pr\u00e9mios globais da ind\u00fastria de coworking baseados em milhares de avalia\u00e7\u00f5es e opini\u00f5es de membros de espa\u00e7os de coworking em todo o mundo. O coworker.com \u00e9 a maior plataforma de coworking do mundo e conta com mais de 100.000 utilizadores ligados a espa\u00e7os de coworking em mais de 164 pa\u00edses.<\/p><p data-start=\"648\" data-end=\"942\">O pr\u00e9mio \u00e9 atribu\u00eddo apenas a um espa\u00e7o de coworking em cada cidade, com base na quantidade e qualidade das avalia\u00e7\u00f5es dos membros ao longo dos \u00faltimos 12 meses. Em 2018, o melhor coworking em Lisboa foi a Avila Spaces &#8211; e continuaremos a ser um dos principais espa\u00e7os de coworking em Portugal!<\/p><p data-start=\"944\" data-end=\"1401\">Agora no nosso d\u00e9cimo quinto ano, contamos com mais de 500 clientes, tanto de Portugal como do estrangeiro. Muitos dos nossos membros internacionais, como a Gympass e a Cabify, escolhem a Avila Spaces como a sua base de coworking em Lisboa. De startups a grandes empresas internacionais, a nossa comunidade diversificada \u00e9 enriquecida por empresas de v\u00e1rios setores, desde educa\u00e7\u00e3o STEM ao desenvolvimento de software, passando pela sa\u00fade, fitness e m\u00fasica.<\/p><p data-start=\"1403\" data-end=\"1539\" data-is-last-node=\"\" data-is-only-node=\"\">Aqui est\u00e3o algumas das palavras que partilharam sobre as vossas experi\u00eancias na Avila Spaces. Obrigado por todo o vosso apoio e carinho!<\/p>\t\t\t\t\t\t\t\t<\/div>\n\t\t\t\t<div class=\"elementor-element elementor-element-2cc4ce3 elementor-widget elementor-widget-heading\" data-id=\"2cc4ce3\" data-element_type=\"widget\" data-e-type=\"widget\" data-widget_type=\"heading.default\">\n\t\t\t\t\t<h3 class=\"elementor-heading-title elementor-size-default\">A nossa comunidade avalia o Avila Spaces como o melhor coworking em Lisboa no coworker.com<\/h3>\t\t\t\t<\/div>\n\t\t\t\t<div class=\"elementor-element elementor-element-3a06a66 elementor-widget elementor-widget-text-editor\" data-id=\"3a06a66\" data-element_type=\"widget\" data-e-type=\"widget\" data-widget_type=\"text-editor.default\">\n\t\t\t\t\t\t\t\t\t<div class=\"\" data-turn-id-container=\"494654ee-440f-4dba-9698-9069db5fc487\" data-is-intersecting=\"true\">&#8220;O Avila Spaces \u00e9 um espa\u00e7o calmo e agrad\u00e1vel, com pessoas interessantes e cultas. O Carlos, o propriet\u00e1rio, \u00e9 o melhor em Lisboa. Ele interessa-se pelo que fazemos e por como podemos evoluir com as nossas ideias. Tudo est\u00e1 exatamente onde deve estar, desde a m\u00fasica ao caf\u00e9. Adoro estar aqui.&#8221; &#8211; Levy Gasparian, Fundador da Mufyn (mufyn.pt).<\/div><div class=\"\" data-turn-id-container=\"request-WEB:1ba53329-a0a5-487a-90e4-08f01bdc4af0-43\" data-is-intersecting=\"true\"><section class=\"text-token-text-primary w-full focus:outline-none [--shadow-height:45px] has-data-writing-block:pointer-events-none has-data-writing-block:-mt-(--shadow-height) has-data-writing-block:pt-(--shadow-height) [&amp;:has([data-writing-block])&gt;*]:pointer-events-auto R6Vx5W_threadScrollVars scroll-mb-[calc(var(--scroll-root-safe-area-inset-bottom,0px)+var(--thread-response-height))] scroll-mt-[calc(var(--header-height)+min(200px,max(70px,20svh)))]\" dir=\"auto\" data-turn-id=\"request-WEB:1ba53329-a0a5-487a-90e4-08f01bdc4af0-43\" data-testid=\"conversation-turn-88\" data-scroll-anchor=\"false\" data-turn=\"assistant\"><div class=\"text-base my-auto mx-auto pb-10 [--thread-content-margin:var(--thread-content-margin-xs,calc(var(--spacing)*4))] @w-sm\/main:[--thread-content-margin:var(--thread-content-margin-sm,calc(var(--spacing)*6))] @w-lg\/main:[--thread-content-margin:var(--thread-content-margin-lg,calc(var(--spacing)*16))] px-(--thread-content-margin)\"><div class=\"[--thread-content-max-width:40rem] @w-lg\/main:[--thread-content-max-width:48rem] mx-auto max-w-(--thread-content-max-width) flex-1 group\/turn-messages focus-visible:outline-hidden relative flex w-full min-w-0 flex-col agent-turn\"><div class=\"flex max-w-full flex-col gap-4 grow\"><div class=\"min-h-8 text-message relative flex w-full flex-col items-end gap-2 text-start break-words whitespace-normal outline-none keyboard-focused:focus-ring [.text-message+&amp;]:mt-1\" dir=\"auto\" tabindex=\"0\" data-message-author-role=\"assistant\" data-message-id=\"225dad67-3ce8-44b7-9dff-5f59fb52fe2e\" data-message-model-slug=\"gpt-5-3\" data-turn-start-message=\"true\"><div class=\"flex w-full flex-col gap-1 empty:hidden\"><div class=\"markdown prose dark:prose-invert w-full wrap-break-word light markdown-new-styling\"><p data-start=\"344\" data-end=\"873\">&#8220;O Avila Spaces oferece o ambiente ideal para sermos produtivos e at\u00e9 inspirados pelo design e atmosfera do espa\u00e7o, pela sua infraestrutura e pelo networking promovido pela equipa da Avila. Existe um sentido de proximidade e camaradagem que acrescenta valor ao nosso dia a dia profissional. No Avila h\u00e1 um verdadeiro sentimento de perten\u00e7a, que faz a diferen\u00e7a. Compensa o facto de estarmos fisicamente afastados do escrit\u00f3rio e dos colegas, fazendo-nos sentir em casa.&#8221; &#8211; Rodrigo Camargo, Global Marketing Director da AGP Group.<\/p><p data-start=\"875\" data-end=\"1220\">&#8220;Diversidade, profissionalismo, amizade entre as pessoas e a decora\u00e7\u00e3o tornam o Avila Spaces especial. O Avila deu-me a possibilidade de trabalhar num espa\u00e7o muito agrad\u00e1vel, onde me sinto em casa: confort\u00e1vel, focada e rodeada por pessoas incr\u00edveis &#8211; tanto da equipa como dos membros que aqui trabalham.&#8221; &#8211; Olga Das Neves, Arnet Pharmaceutical.<\/p><p data-start=\"1222\" data-end=\"1419\" data-is-last-node=\"\" data-is-only-node=\"\">Temos um enorme orgulho por a Avila Spaces ter sido distinguida como o Melhor Coworking em Lisboa e ficamos muito satisfeitos por continuar a ser um dos espa\u00e7os de coworking preferidos em Portugal!<\/p><\/div><\/div><\/div><\/div><\/div><\/div><\/section><\/div>\t\t\t\t\t\t\t\t<\/div>\n\t\t\t\t<div class=\"elementor-element elementor-element-9cd7365 elementor-widget elementor-widget-text-editor\" data-id=\"9cd7365\" data-element_type=\"widget\" data-e-type=\"widget\" data-widget_type=\"text-editor.default\">\n\t\t\t\t\t\t\t\t\t<p data-start=\"0\" data-end=\"462\">Preocupamo-nos verdadeiramente com cada um dos nossos membros e com os seus projetos, proporcionando experi\u00eancias personalizadas para garantir o seu conforto e satisfa\u00e7\u00e3o. O Avila Spaces \u00e9 mais do que um simples escrit\u00f3rio de coworking; utilizamos tecnologia, ergonomia e eventos sociais \u00fanicos para investir na nossa comunidade. Os nossos trabalhadores remotos apreciam especialmente os escrit\u00f3rios virtuais do Avila e o nosso novo business lounge de coworking.<\/p><p data-start=\"464\" data-end=\"1050\" data-is-last-node=\"\" data-is-only-node=\"\">Ficamos muito felizes por contribuir de forma t\u00e3o significativa para o seu trabalho! 100% dos nossos coworkers no <a href=\"http:\/\/www.coworker.com\/portugal\/lisbon\/avila-spaces\" target=\"_blank\" rel=\"noopener\"><span style=\"color: #d26900;\">coworker.com<\/span><\/a> recomendam-nos! No geral, o Avila Spaces obteve uma classifica\u00e7\u00e3o de 5\/5 estrelas em todas as categorias: localiza\u00e7\u00e3o, Wi-Fi, ambiente produtivo, conforto do espa\u00e7o de trabalho, social &amp; comunidade e comodidades. Visite-nos no coworker.com para ver o que dizem sobre n\u00f3s ou deixe tamb\u00e9m a sua opini\u00e3o. Adorar\u00edamos ouvir o seu feedback. Esperamos por si para um caf\u00e9 no nosso <span style=\"color: #d26900;\"><a style=\"color: #d26900;\" href=\"http:\/\/avilaspaces.com\/en\/services\/business-lounge-coworking-lisbon\/\">Business Lounge<\/a><\/span> de coworking &#8211; o local perfeito para trabalhar, relaxar e desfrutar!<\/p>\t\t\t\t\t\t\t\t<\/div>\n\t\t\t\t\t<\/div>\n\t\t\t\t<\/div>\n\t\t\t\t<\/div>\n\t\t<div class=\"elementor-element elementor-element-69eebba e-flex e-con-boxed e-con e-parent\" data-id=\"69eebba\" data-element_type=\"container\" data-e-type=\"container\">\n\t\t\t\t\t<div class=\"e-con-inner\">\n\t\t\t\t<div class=\"elementor-element elementor-element-b4aebc9 elementor-widget-divider--view-line elementor-widget elementor-widget-divider\" data-id=\"b4aebc9\" data-element_type=\"widget\" data-e-type=\"widget\" data-widget_type=\"divider.default\">\n\t\t\t\t\t\t\t<div class=\"elementor-divider\">\n\t\t\t<span class=\"elementor-divider-separator\">\n\t\t\t\t\t\t<\/span>\n\t\t<\/div>\n\t\t\t\t\t\t<\/div>\n\t\t\t\t\t<\/div>\n\t\t\t\t<\/div>\n\t\t<div class=\"elementor-element elementor-element-491ad1c e-con-full e-flex e-con e-parent\" data-id=\"491ad1c\" data-element_type=\"container\" data-e-type=\"container\">\n\t\t\t\t<div class=\"elementor-element elementor-element-3963d0c elementor-widget elementor-widget-shortcode\" data-id=\"3963d0c\" data-element_type=\"widget\" data-e-type=\"widget\" data-widget_type=\"shortcode.default\">\n\t\t\t\t\t\t\t<div class=\"elementor-shortcode\">\t\t<div data-elementor-type=\"section\" data-elementor-id=\"5749\" class=\"elementor elementor-5749 elementor-2921\" data-elementor-post-type=\"elementor_library\">\n\t\t\t<div class=\"elementor-element elementor-element-a2fcb72 e-con-full e-flex e-con e-parent\" data-id=\"a2fcb72\" data-element_type=\"container\" data-e-type=\"container\">\n\t\t<div class=\"elementor-element elementor-element-6e708d0 e-flex e-con-boxed e-con e-child\" data-id=\"6e708d0\" data-element_type=\"container\" data-e-type=\"container\">\n\t\t\t\t\t<div class=\"e-con-inner\">\n\t\t\t\t<div class=\"elementor-element elementor-element-8fb6688 elementor-align-justify elementor-widget__width-initial news-tab-show elementor-widget elementor-widget-button\" data-id=\"8fb6688\" data-element_type=\"widget\" data-e-type=\"widget\" id=\"read-more\" data-widget_type=\"button.default\">\n\t\t\t\t\t\t\t\t\t\t<a class=\"elementor-button elementor-size-sm\" role=\"button\">\n\t\t\t\t\t\t<span class=\"elementor-button-content-wrapper\">\n\t\t\t\t\t\t\t\t\t<span class=\"elementor-button-text\">read more<\/span>\n\t\t\t\t\t<\/span>\n\t\t\t\t\t<\/a>\n\t\t\t\t\t\t\t\t<\/div>\n\t\t\t\t<div class=\"elementor-element elementor-element-a498d68 elementor-align-justify elementor-widget__width-initial news-tab-show elementor-widget elementor-widget-button\" data-id=\"a498d68\" data-element_type=\"widget\" data-e-type=\"widget\" id=\"featured\" data-widget_type=\"button.default\">\n\t\t\t\t\t\t\t\t\t\t<a class=\"elementor-button elementor-size-sm\" role=\"button\">\n\t\t\t\t\t\t<span class=\"elementor-button-content-wrapper\">\n\t\t\t\t\t\t\t\t\t<span class=\"elementor-button-text\">featured<\/span>\n\t\t\t\t\t<\/span>\n\t\t\t\t\t<\/a>\n\t\t\t\t\t\t\t\t<\/div>\n\t\t\t\t\t<\/div>\n\t\t\t\t<\/div>\n\t\t<div class=\"elementor-element elementor-element-551e6af e-flex e-con-boxed e-con e-child\" data-id=\"551e6af\" data-element_type=\"container\" data-e-type=\"container\">\n\t\t\t\t\t<div class=\"e-con-inner\">\n\t\t<div class=\"elementor-element elementor-element-5315e34 e-con-full news-content-show e-flex e-con e-child\" data-id=\"5315e34\" data-element_type=\"container\" data-e-type=\"container\" id=\"read-more\">\n\t\t\t\t<div class=\"elementor-element elementor-element-3b043a7 elementor-hidden-tablet elementor-hidden-mobile elementor-widget elementor-widget-heading\" data-id=\"3b043a7\" data-element_type=\"widget\" data-e-type=\"widget\" data-widget_type=\"heading.default\">\n\t\t\t\t\t<h5 class=\"elementor-heading-title elementor-size-default\">Leia mais<\/h5>\t\t\t\t<\/div>\n\t\t\t\t<div class=\"elementor-element elementor-element-e042585 elementor-grid-1 elementor-posts--thumbnail-left home-skin-blog elementor-grid-tablet-1 elementor-grid-mobile-1 elementor-widget elementor-widget-posts\" data-id=\"e042585\" data-element_type=\"widget\" data-e-type=\"widget\" data-settings=\"{&quot;skin_blog_columns&quot;:&quot;1&quot;,&quot;skin_blog_row_gap&quot;:{&quot;unit&quot;:&quot;px&quot;,&quot;size&quot;:24,&quot;sizes&quot;:[]},&quot;skin_blog_columns_tablet&quot;:&quot;1&quot;,&quot;skin_blog_columns_mobile&quot;:&quot;1&quot;,&quot;skin_blog_row_gap_laptop&quot;:{&quot;unit&quot;:&quot;px&quot;,&quot;size&quot;:&quot;&quot;,&quot;sizes&quot;:[]},&quot;skin_blog_row_gap_tablet&quot;:{&quot;unit&quot;:&quot;px&quot;,&quot;size&quot;:&quot;&quot;,&quot;sizes&quot;:[]},&quot;skin_blog_row_gap_mobile&quot;:{&quot;unit&quot;:&quot;px&quot;,&quot;size&quot;:&quot;&quot;,&quot;sizes&quot;:[]}}\" data-widget_type=\"posts.skin_blog\">\n\t\t\t\t<div class=\"elementor-widget-container\">\n\t\t\t\t\t\t\t<div class=\"elementor-posts-container elementor-posts elementor-posts--skin-skin_blog elementor-grid\" role=\"list\">\n\t\t        <article class=\"elementor-post elementor-grid-item post-17455 post type-post status-publish format-standard has-post-thumbnail hentry category-noticias-da-empresa\">\n            \n            <a href=\"https:\/\/avilaspaces.com\/pt\/blog\/noticias-da-empresa\/avila-spaces-e-great-place-to-work-2026\/\" class=\"elementor-post__thumbnail__link\">\n                <div class=\"elementor-post__thumbnail\">\n                                            <img decoding=\"async\" src=\"https:\/\/avilaspaces.com\/wp-content\/uploads\/2026\/04\/Eventos-Office-RnD-10-1.jpg\" alt=\"Avila Spaces \u00e9 Great Place to Work 2026\">\n                                    <\/div>\n            <\/a>\n        \n            <div class=\"elementor-post__text\">\n            \n                <div class=\"elementor-post__meta-data\">\n                                                                        <span class=\"elementor-post__category\">Not\u00edcias da empresa<\/span>\n                                                            <\/div>\n                \n                \t\t<h5 class=\"elementor-post__title\">\n\t\t\t<a href=\"https:\/\/avilaspaces.com\/pt\/blog\/noticias-da-empresa\/avila-spaces-e-great-place-to-work-2026\/\">\n\t\t\t\tAvila Spaces \u00e9 Great Place to Work 2026\t\t\t<\/a>\n\t\t<\/h5>\n\t\t                \n                                \n                                    \n            <\/div>\n        \n        <\/article>\n                <article class=\"elementor-post elementor-grid-item post-21451 post type-post status-publish format-standard has-post-thumbnail hentry category-noticias-da-empresa\">\n            \n            <a href=\"https:\/\/avilaspaces.com\/pt\/blog\/noticias-da-empresa\/5-razoes-para-trabalhar-em-lisboa-portugal\/\" class=\"elementor-post__thumbnail__link\">\n                <div class=\"elementor-post__thumbnail\">\n                                            <img decoding=\"async\" src=\"https:\/\/avilaspaces.com\/wp-content\/uploads\/2025\/10\/Avila-Lounge-Atrium-12-3-scaled.jpg\" alt=\"5 raz\u00f5es para trabalhar em Lisboa, Portugal\">\n                                    <\/div>\n            <\/a>\n        \n            <div class=\"elementor-post__text\">\n            \n                <div class=\"elementor-post__meta-data\">\n                                                                        <span class=\"elementor-post__category\">Not\u00edcias da empresa<\/span>\n                                                            <\/div>\n                \n                \t\t<h5 class=\"elementor-post__title\">\n\t\t\t<a href=\"https:\/\/avilaspaces.com\/pt\/blog\/noticias-da-empresa\/5-razoes-para-trabalhar-em-lisboa-portugal\/\">\n\t\t\t\t5 raz\u00f5es para trabalhar em Lisboa, Portugal\t\t\t<\/a>\n\t\t<\/h5>\n\t\t                \n                                \n                                    \n            <\/div>\n        \n        <\/article>\n                <article class=\"elementor-post elementor-grid-item post-5744 post type-post status-publish format-standard has-post-thumbnail hentry category-destaque category-virtual-office\">\n            \n            <a href=\"https:\/\/avilaspaces.com\/pt\/blog\/destaque\/the-importance-of-wellbeing-in-talent-retention\/\" class=\"elementor-post__thumbnail__link\">\n                <div class=\"elementor-post__thumbnail\">\n                                            <img decoding=\"async\" src=\"https:\/\/avilaspaces.com\/wp-content\/uploads\/2025\/10\/Homem-a-trabalhar-em-lounge-moderno-1.png\" alt=\"A import\u00e2ncia do bem-estar na reten\u00e7\u00e3o de talentos\">\n                                    <\/div>\n            <\/a>\n        \n            <div class=\"elementor-post__text\">\n            \n                <div class=\"elementor-post__meta-data\">\n                                                                        <span class=\"elementor-post__category\">Escrit\u00f3rio Virtual<\/span>\n                                                            <\/div>\n                \n                \t\t<h5 class=\"elementor-post__title\">\n\t\t\t<a href=\"https:\/\/avilaspaces.com\/pt\/blog\/destaque\/the-importance-of-wellbeing-in-talent-retention\/\">\n\t\t\t\tA import\u00e2ncia do bem-estar na reten\u00e7\u00e3o de talentos\t\t\t<\/a>\n\t\t<\/h5>\n\t\t                \n                                \n                                    \n            <\/div>\n        \n        <\/article>\n        \t\t<\/div>\n\t\t\n\t\t\t\t\t\t<\/div>\n\t\t\t\t<\/div>\n\t\t\t\t<\/div>\n\t\t<div class=\"elementor-element elementor-element-a6777b9 e-con-full news-content-show e-flex e-con e-child\" data-id=\"a6777b9\" data-element_type=\"container\" data-e-type=\"container\" id=\"featured\">\n\t\t\t\t<div class=\"elementor-element elementor-element-2e32761 elementor-hidden-tablet elementor-hidden-mobile elementor-widget elementor-widget-heading\" data-id=\"2e32761\" data-element_type=\"widget\" data-e-type=\"widget\" data-widget_type=\"heading.default\">\n\t\t\t\t\t<h5 class=\"elementor-heading-title elementor-size-default\">not\u00edcias em destaque<\/h5>\t\t\t\t<\/div>\n\t\t\t\t<\/div>\n\t\t\t\t\t<\/div>\n\t\t\t\t<\/div>\n\t\t\t\t<\/div>\n\t\t\t\t<\/div>\n\t\t<\/div>\n\t\t\t\t\t\t<\/div>\n\t\t\t\t<\/div>\n\t\t\t\t<\/div>\n\t\t","protected":false},"excerpt":{"rendered":"<p>Just a year after winning the award for Best Cowork in Lisbon, Avila Spaces is still the most popular coworking space on coworker.com! <\/p>\n","protected":false},"author":8,"featured_media":21218,"comment_status":"open","ping_status":"open","sticky":false,"template":"elementor_header_footer","format":"standard","meta":{"_acf_changed":false,"inline_featured_image":false,"footnotes":""},"categories":[47,71],"tags":[],"class_list":["post-21469","post","type-post","status-publish","format-standard","has-post-thumbnail","hentry","category-espaco-de-escritorios","category-noticias-da-empresa"],"acf":[],"_links":{"self":[{"href":"https:\/\/avilaspaces.com\/pt\/wp-json\/wp\/v2\/posts\/21469","targetHints":{"allow":["GET"]}}],"collection":[{"href":"https:\/\/avilaspaces.com\/pt\/wp-json\/wp\/v2\/posts"}],"about":[{"href":"https:\/\/avilaspaces.com\/pt\/wp-json\/wp\/v2\/types\/post"}],"author":[{"embeddable":true,"href":"https:\/\/avilaspaces.com\/pt\/wp-json\/wp\/v2\/users\/8"}],"replies":[{"embeddable":true,"href":"https:\/\/avilaspaces.com\/pt\/wp-json\/wp\/v2\/comments?post=21469"}],"version-history":[{"count":5,"href":"https:\/\/avilaspaces.com\/pt\/wp-json\/wp\/v2\/posts\/21469\/revisions"}],"predecessor-version":[{"id":21475,"href":"https:\/\/avilaspaces.com\/pt\/wp-json\/wp\/v2\/posts\/21469\/revisions\/21475"}],"wp:featuredmedia":[{"embeddable":true,"href":"https:\/\/avilaspaces.com\/pt\/wp-json\/wp\/v2\/media\/21218"}],"wp:attachment":[{"href":"https:\/\/avilaspaces.com\/pt\/wp-json\/wp\/v2\/media?parent=21469"}],"wp:term":[{"taxonomy":"category","embeddable":true,"href":"https:\/\/avilaspaces.com\/pt\/wp-json\/wp\/v2\/categories?post=21469"},{"taxonomy":"post_tag","embeddable":true,"href":"https:\/\/avilaspaces.com\/pt\/wp-json\/wp\/v2\/tags?post=21469"}],"curies":[{"name":"wp","href":"https:\/\/api.w.org\/{rel}","templated":true}]}}