{"id":21477,"date":"2025-04-08T18:00:42","date_gmt":"2025-04-08T18:00:42","guid":{"rendered":"https:\/\/avilaspaces.com\/blog\/uncategorized-pt\/avila-spaces-sponsors-golf-pro-pedro-figueiredo-and-gets-a-hole-in-one\/"},"modified":"2026-04-23T16:39:20","modified_gmt":"2026-04-23T16:39:20","slug":"avila-spaces-patrocina-o-golfista-profissional-pedro-figueiredo-e-faz-um-hole-in-one","status":"publish","type":"post","link":"https:\/\/avilaspaces.com\/pt\/blog\/espaco-de-escritorios\/avila-spaces-patrocina-o-golfista-profissional-pedro-figueiredo-e-faz-um-hole-in-one\/","title":{"rendered":"O Avila Spaces patrocina o golfista profissional Pedro Figueiredo e faz um hole-in-one"},"content":{"rendered":"\t\t<div data-elementor-type=\"wp-post\" data-elementor-id=\"21477\" class=\"elementor elementor-21477 elementor-296\" data-elementor-post-type=\"post\">\n\t\t\t\t<div class=\"elementor-element elementor-element-35f1a9c e-flex e-con-boxed e-con e-parent\" data-id=\"35f1a9c\" data-element_type=\"container\" data-e-type=\"container\">\n\t\t\t\t\t<div class=\"e-con-inner\">\n\t\t<div class=\"elementor-element elementor-element-2a60ce7 e-flex e-con-boxed e-con e-child\" data-id=\"2a60ce7\" data-element_type=\"container\" data-e-type=\"container\">\n\t\t\t\t\t<div class=\"e-con-inner\">\n\t\t\t\t<div class=\"elementor-element elementor-element-8649473 elementor-widget elementor-widget-shortcode\" data-id=\"8649473\" data-element_type=\"widget\" data-e-type=\"widget\" data-widget_type=\"shortcode.default\">\n\t\t\t\t\t\t\t<div class=\"elementor-shortcode\"><\/div>\n\t\t\t\t\t\t<\/div>\n\t\t\t\t<div class=\"elementor-element elementor-element-742b57b elementor-widget__width-initial elementor-widget elementor-widget-heading\" data-id=\"742b57b\" data-element_type=\"widget\" data-e-type=\"widget\" data-widget_type=\"heading.default\">\n\t\t\t\t\t<h1 class=\"elementor-heading-title elementor-size-default\">O Avila Spaces patrocina o golfista profissional Pedro Figueiredo e faz um hole-in-one<\/h1>\t\t\t\t<\/div>\n\t\t\t\t<div class=\"elementor-element elementor-element-d6b5c92 elementor-hidden-mobile elementor-widget elementor-widget-shortcode\" data-id=\"d6b5c92\" data-element_type=\"widget\" data-e-type=\"widget\" data-widget_type=\"shortcode.default\">\n\t\t\t\t\t\t\t<div class=\"elementor-shortcode\"><div class=\"article-info\"><span class=\"date\">8 Abr 2025<\/span><span class=\"author\">Por<label>Avila Spaces<\/label><\/span><\/div><\/div>\n\t\t\t\t\t\t<\/div>\n\t\t\t\t<div class=\"elementor-element elementor-element-b78e0df elementor-widget-divider--view-line elementor-widget elementor-widget-divider\" data-id=\"b78e0df\" data-element_type=\"widget\" data-e-type=\"widget\" data-widget_type=\"divider.default\">\n\t\t\t\t\t\t\t<div class=\"elementor-divider\">\n\t\t\t<span class=\"elementor-divider-separator\">\n\t\t\t\t\t\t<\/span>\n\t\t<\/div>\n\t\t\t\t\t\t<\/div>\n\t\t\t\t<div class=\"elementor-element elementor-element-59c2a30 elementor-widget elementor-widget-heading\" data-id=\"59c2a30\" data-element_type=\"widget\" data-e-type=\"widget\" data-widget_type=\"heading.default\">\n\t\t\t\t\t<h2 class=\"elementor-heading-title elementor-size-default\">Uma carreira que nos inspira<\/h2>\t\t\t\t<\/div>\n\t\t\t\t<div class=\"elementor-element elementor-element-6ce3d9f elementor-widget elementor-widget-text-editor\" data-id=\"6ce3d9f\" data-element_type=\"widget\" data-e-type=\"widget\" data-widget_type=\"text-editor.default\">\n\t\t\t\t\t\t\t\t\t<div>Na vida e nos neg\u00f3cios, h\u00e1 encontros que simplesmente fazem sentido. E, no dia 7 de abril, anunci\u00e1mos com orgulho o nosso patroc\u00ednio a <span style=\"text-decoration: underline;\"><span style=\"color: #000000;\"><a style=\"color: #000000; text-decoration: underline;\" href=\"https:\/\/www.instagram.com\/pfiggy\/\" target=\"_blank\" rel=\"noopener\">Pedro &#8220;Figgy\u201d Figueiredo<\/a><\/span><\/span>, , um dos golfistas mais promissores e respeitados de Portugal na atualidade. Para n\u00f3s, esta n\u00e3o \u00e9 apenas uma parceria desportiva, \u00e9 uma express\u00e3o clara da nossa responsabilidade social e do nosso compromisso em apoiar o talento jovem em Portugal.<\/div>\t\t\t\t\t\t\t\t<\/div>\n\t\t\t\t<div class=\"elementor-element elementor-element-a0211ee elementor-widget elementor-widget-text-editor\" data-id=\"a0211ee\" data-element_type=\"widget\" data-e-type=\"widget\" data-widget_type=\"text-editor.default\">\n\t\t\t\t\t\t\t\t\t<div>Desde cedo, Pedro mostrou estar destinado a grandes conquistas. Ainda como j\u00fanior, j\u00e1 vencia torneios internacionais, representando com distin\u00e7\u00e3o a sele\u00e7\u00e3o nacional e a equipa europeia. Mais tarde, nos Estados Unidos, conciliou os estudos na UCLA (University of California at Los Angeles) com uma excelente carreira universit\u00e1ria, que incluiu tr\u00eas vit\u00f3rias em competi\u00e7\u00f5es da \u00a0<span style=\"text-decoration: underline; color: #000000;\"><a style=\"color: #000000; text-decoration: underline;\" href=\"https:\/\/www.ncaa.com\/\" target=\"_blank\" rel=\"noopener\">NCAA (National Collegiate Athletic Association)<\/a><\/span>\u00a0.<\/div>\t\t\t\t\t\t\t\t<\/div>\n\t\t\t\t<div class=\"elementor-element elementor-element-d08e2ba elementor-widget elementor-widget-heading\" data-id=\"d08e2ba\" data-element_type=\"widget\" data-e-type=\"widget\" data-widget_type=\"heading.default\">\n\t\t\t\t\t<h3 class=\"elementor-heading-title elementor-size-default\">\u00abSinto-me orgulhoso por estar associado ao Avila Spaces, uma empresa que se destaca pela sua inova\u00e7\u00e3o, profissionalismo e colabora\u00e7\u00e3o - valores que tamb\u00e9m procuro seguir no golfe e na minha vida pessoal.\u00bb<\/h3>\t\t\t\t<\/div>\n\t\t\t\t<div class=\"elementor-element elementor-element-59944ee elementor-widget elementor-widget-text-editor\" data-id=\"59944ee\" data-element_type=\"widget\" data-e-type=\"widget\" data-widget_type=\"text-editor.default\">\n\t\t\t\t\t\t\t\t\t<p>Hoje, com uma carreira s\u00f3lida, marcada por cinco vit\u00f3rias no Portugal Pro Golf Tour, um t\u00edtulo no Challenge Tour e conquistas nacionais e internacionais, \u201cFiggy\u201d continua a elevar o nome de Portugal com dedica\u00e7\u00e3o, humildade e perseveran\u00e7a.<\/p><p>Atualmente, compete no Hotel Planner Tour e alcan\u00e7ou um prestigiado 6.\u00ba lugar nos dois \u00faltimos torneios: o Challenge Gurgaon (\u00cdndia) e o Al Zorah Golf &amp; Yacht Club, em Ajman (Emirados \u00c1rabes Unidos). Este \u00e9 o esp\u00edrito que tanto valorizamos e que queremos dar a conhecer \u00e0 nossa sociedade.<\/p>\t\t\t\t\t\t\t\t<\/div>\n\t\t\t\t<div class=\"elementor-element elementor-element-87e6d2b elementor-widget elementor-widget-image\" data-id=\"87e6d2b\" data-element_type=\"widget\" data-e-type=\"widget\" data-widget_type=\"image.default\">\n\t\t\t\t\t\t\t\t\t\t\t\t\t\t\t<img fetchpriority=\"high\" decoding=\"async\" width=\"800\" height=\"413\" src=\"https:\/\/avilaspaces.com\/wp-content\/uploads\/2025\/09\/figgy_imagem_texto_981x506.png\" class=\"attachment-large size-large wp-image-5100\" alt=\"\" srcset=\"https:\/\/avilaspaces.com\/wp-content\/uploads\/2025\/09\/figgy_imagem_texto_981x506.png 981w, https:\/\/avilaspaces.com\/wp-content\/uploads\/2025\/09\/figgy_imagem_texto_981x506-300x155.png 300w, https:\/\/avilaspaces.com\/wp-content\/uploads\/2025\/09\/figgy_imagem_texto_981x506-768x396.png 768w\" sizes=\"(max-width: 800px) 100vw, 800px\" \/>\t\t\t\t\t\t\t\t\t\t\t\t\t\t\t<\/div>\n\t\t\t\t<div class=\"elementor-element elementor-element-6349611 elementor-widget elementor-widget-heading\" data-id=\"6349611\" data-element_type=\"widget\" data-e-type=\"widget\" data-widget_type=\"heading.default\">\n\t\t\t\t\t<h2 class=\"elementor-heading-title elementor-size-default\">Mais do que um patroc\u00ednio, um compromisso com a comunidade<\/h2>\t\t\t\t<\/div>\n\t\t\t\t<div class=\"elementor-element elementor-element-a3d4208 elementor-widget elementor-widget-text-editor\" data-id=\"a3d4208\" data-element_type=\"widget\" data-e-type=\"widget\" data-widget_type=\"text-editor.default\">\n\t\t\t\t\t\t\t\t\t<div class=\"\" data-turn-id-container=\"f203a8c6-6a2f-4d3c-b196-be59755009d3\" data-is-intersecting=\"true\">No nosso dia a dia, acreditamos que apoiar o talento \u00e9 investir no futuro. Esta parceria com o Pedro reflete os valores que nos definem:<strong> inova\u00e7\u00e3o, profissionalismo, colabora\u00e7\u00e3o e esp\u00edrito de supera\u00e7\u00e3o.<\/strong><\/div><div class=\"\" data-turn-id-container=\"request-WEB:1ba53329-a0a5-487a-90e4-08f01bdc4af0-53\" data-is-intersecting=\"true\"><section class=\"text-token-text-primary w-full focus:outline-none [--shadow-height:45px] has-data-writing-block:pointer-events-none has-data-writing-block:-mt-(--shadow-height) has-data-writing-block:pt-(--shadow-height) [&amp;:has([data-writing-block])&gt;*]:pointer-events-auto R6Vx5W_threadScrollVars scroll-mb-[calc(var(--scroll-root-safe-area-inset-bottom,0px)+var(--thread-response-height))] scroll-mt-[calc(var(--header-height)+min(200px,max(70px,20svh)))]\" dir=\"auto\" data-turn-id=\"request-WEB:1ba53329-a0a5-487a-90e4-08f01bdc4af0-53\" data-testid=\"conversation-turn-108\" data-scroll-anchor=\"false\" data-turn=\"assistant\"><div class=\"text-base my-auto mx-auto pb-10 [--thread-content-margin:var(--thread-content-margin-xs,calc(var(--spacing)*4))] @w-sm\/main:[--thread-content-margin:var(--thread-content-margin-sm,calc(var(--spacing)*6))] @w-lg\/main:[--thread-content-margin:var(--thread-content-margin-lg,calc(var(--spacing)*16))] px-(--thread-content-margin)\"><div class=\"[--thread-content-max-width:40rem] @w-lg\/main:[--thread-content-max-width:48rem] mx-auto max-w-(--thread-content-max-width) flex-1 group\/turn-messages focus-visible:outline-hidden relative flex w-full min-w-0 flex-col agent-turn\"><div class=\"flex max-w-full flex-col gap-4 grow\"><div class=\"min-h-8 text-message relative flex w-full flex-col items-end gap-2 text-start break-words whitespace-normal outline-none keyboard-focused:focus-ring [.text-message+&amp;]:mt-1\" dir=\"auto\" tabindex=\"0\" data-message-author-role=\"assistant\" data-message-id=\"1ab7dee4-7dd8-4701-af00-77e56a398c7d\" data-message-model-slug=\"gpt-5-3\" data-turn-start-message=\"true\"><div class=\"flex w-full flex-col gap-1 empty:hidden\"><div class=\"markdown prose dark:prose-invert w-full wrap-break-word light markdown-new-styling\"><p data-start=\"203\" data-end=\"531\">\u201cEste apoio permite-me continuar a perseguir os meus objetivos e a desenvolver-me como profissional. Sinto-me orgulhoso por estar associado ao Avila Spaces, uma empresa que se destaca pela sua inova\u00e7\u00e3o, profissionalismo e colabora\u00e7\u00e3o &#8211; valores que tamb\u00e9m procuro seguir no golfe e na minha vida pessoal\u201d, afirma Pedro Figueiredo.<\/p><p data-start=\"533\" data-end=\"907\" data-is-last-node=\"\" data-is-only-node=\"\">Como refere o nosso CEO, Carlos Gon\u00e7alves: \u201cAcompanhamos a carreira de Pedro Figueiredo h\u00e1 v\u00e1rios anos. Acreditamos que \u00e9 um exemplo inspirador para a nossa comunidade, especialmente para os mais jovens. Esta parceria inclui a participa\u00e7\u00e3o do Pedro em cl\u00ednicas de golfe, torneios e iniciativas que promovem o golfe como ferramenta de desenvolvimento pessoal e profissional.\u201d<\/p><\/div><\/div><\/div><\/div><\/div><\/div><\/section><\/div>\t\t\t\t\t\t\t\t<\/div>\n\t\t\t\t<div class=\"elementor-element elementor-element-7ae2257 elementor-widget elementor-widget-image\" data-id=\"7ae2257\" data-element_type=\"widget\" data-e-type=\"widget\" data-widget_type=\"image.default\">\n\t\t\t\t\t\t\t\t\t\t\t\t\t\t\t<img decoding=\"async\" width=\"800\" height=\"413\" src=\"https:\/\/avilaspaces.com\/wp-content\/uploads\/2025\/09\/figgy2_imagem_texto_981x506.png\" class=\"attachment-large size-large wp-image-5101\" alt=\"\" srcset=\"https:\/\/avilaspaces.com\/wp-content\/uploads\/2025\/09\/figgy2_imagem_texto_981x506.png 981w, https:\/\/avilaspaces.com\/wp-content\/uploads\/2025\/09\/figgy2_imagem_texto_981x506-300x155.png 300w, https:\/\/avilaspaces.com\/wp-content\/uploads\/2025\/09\/figgy2_imagem_texto_981x506-768x396.png 768w\" sizes=\"(max-width: 800px) 100vw, 800px\" \/>\t\t\t\t\t\t\t\t\t\t\t\t\t\t\t<\/div>\n\t\t\t\t<div class=\"elementor-element elementor-element-dcd4cde elementor-widget elementor-widget-heading\" data-id=\"dcd4cde\" data-element_type=\"widget\" data-e-type=\"widget\" data-widget_type=\"heading.default\">\n\t\t\t\t\t<h2 class=\"elementor-heading-title elementor-size-default\">Apostar no talento, transformar o futuro<\/h2>\t\t\t\t<\/div>\n\t\t\t\t<div class=\"elementor-element elementor-element-335b17d elementor-widget elementor-widget-text-editor\" data-id=\"335b17d\" data-element_type=\"widget\" data-e-type=\"widget\" data-widget_type=\"text-editor.default\">\n\t\t\t\t\t\t\t\t\t<p data-start=\"0\" data-end=\"218\">Sabemos que o desporto tem um poder transformador, moldando o car\u00e1ter, criando oportunidades e ensinando resili\u00eancia. \u00c9 por isso que continuamos a investir em projetos que promovem a excel\u00eancia, dentro e fora de campo.<\/p><p data-start=\"220\" data-end=\"619\">Esta colabora\u00e7\u00e3o com o \u201cFiggy\u201d representa uma ponte entre o mundo empresarial e o mundo do desporto, aproximando os nossos valores daquilo que acreditamos ser o caminho para um pa\u00eds mais justo, ambicioso e preparado para o futuro. Na nossa miss\u00e3o de criar espa\u00e7os que potenciam pessoas e ideias, n\u00e3o pod\u00edamos estar mais satisfeitos por caminhar lado a lado com algu\u00e9m que inspira e serve de exemplo.<\/p><p data-start=\"621\" data-end=\"671\" data-is-last-node=\"\" data-is-only-node=\"\">Para n\u00f3s, apoiar o talento \u00e9 abra\u00e7ar a comunidade!<\/p>\t\t\t\t\t\t\t\t<\/div>\n\t\t\t\t\t<\/div>\n\t\t\t\t<\/div>\n\t\t\t\t\t<\/div>\n\t\t\t\t<\/div>\n\t\t<div class=\"elementor-element elementor-element-0c02013 e-flex e-con-boxed e-con e-parent\" data-id=\"0c02013\" data-element_type=\"container\" data-e-type=\"container\">\n\t\t\t\t\t<div class=\"e-con-inner\">\n\t\t\t\t<div class=\"elementor-element elementor-element-14f5f66 elementor-widget-divider--view-line elementor-widget elementor-widget-divider\" data-id=\"14f5f66\" data-element_type=\"widget\" data-e-type=\"widget\" data-widget_type=\"divider.default\">\n\t\t\t\t\t\t\t<div class=\"elementor-divider\">\n\t\t\t<span class=\"elementor-divider-separator\">\n\t\t\t\t\t\t<\/span>\n\t\t<\/div>\n\t\t\t\t\t\t<\/div>\n\t\t\t\t\t<\/div>\n\t\t\t\t<\/div>\n\t\t<div class=\"elementor-element elementor-element-7220642 e-con-full e-flex e-con e-parent\" data-id=\"7220642\" data-element_type=\"container\" data-e-type=\"container\">\n\t\t\t\t<div class=\"elementor-element elementor-element-25ce024 elementor-widget elementor-widget-shortcode\" data-id=\"25ce024\" data-element_type=\"widget\" data-e-type=\"widget\" data-widget_type=\"shortcode.default\">\n\t\t\t\t\t\t\t<div class=\"elementor-shortcode\">\t\t<div data-elementor-type=\"section\" data-elementor-id=\"5749\" class=\"elementor elementor-5749 elementor-2921\" data-elementor-post-type=\"elementor_library\">\n\t\t\t<div class=\"elementor-element elementor-element-a2fcb72 e-con-full e-flex e-con e-parent\" data-id=\"a2fcb72\" data-element_type=\"container\" data-e-type=\"container\">\n\t\t<div class=\"elementor-element elementor-element-6e708d0 e-flex e-con-boxed e-con e-child\" data-id=\"6e708d0\" data-element_type=\"container\" data-e-type=\"container\">\n\t\t\t\t\t<div class=\"e-con-inner\">\n\t\t\t\t<div class=\"elementor-element elementor-element-8fb6688 elementor-align-justify elementor-widget__width-initial news-tab-show elementor-widget elementor-widget-button\" data-id=\"8fb6688\" data-element_type=\"widget\" data-e-type=\"widget\" id=\"read-more\" data-widget_type=\"button.default\">\n\t\t\t\t\t\t\t\t\t\t<a class=\"elementor-button elementor-size-sm\" role=\"button\">\n\t\t\t\t\t\t<span class=\"elementor-button-content-wrapper\">\n\t\t\t\t\t\t\t\t\t<span class=\"elementor-button-text\">read more<\/span>\n\t\t\t\t\t<\/span>\n\t\t\t\t\t<\/a>\n\t\t\t\t\t\t\t\t<\/div>\n\t\t\t\t<div class=\"elementor-element elementor-element-a498d68 elementor-align-justify elementor-widget__width-initial news-tab-show elementor-widget elementor-widget-button\" data-id=\"a498d68\" data-element_type=\"widget\" data-e-type=\"widget\" id=\"featured\" data-widget_type=\"button.default\">\n\t\t\t\t\t\t\t\t\t\t<a class=\"elementor-button elementor-size-sm\" role=\"button\">\n\t\t\t\t\t\t<span class=\"elementor-button-content-wrapper\">\n\t\t\t\t\t\t\t\t\t<span class=\"elementor-button-text\">featured<\/span>\n\t\t\t\t\t<\/span>\n\t\t\t\t\t<\/a>\n\t\t\t\t\t\t\t\t<\/div>\n\t\t\t\t\t<\/div>\n\t\t\t\t<\/div>\n\t\t<div class=\"elementor-element elementor-element-551e6af e-flex e-con-boxed e-con e-child\" data-id=\"551e6af\" data-element_type=\"container\" data-e-type=\"container\">\n\t\t\t\t\t<div class=\"e-con-inner\">\n\t\t<div class=\"elementor-element elementor-element-5315e34 e-con-full news-content-show e-flex e-con e-child\" data-id=\"5315e34\" data-element_type=\"container\" data-e-type=\"container\" id=\"read-more\">\n\t\t\t\t<div class=\"elementor-element elementor-element-3b043a7 elementor-hidden-tablet elementor-hidden-mobile elementor-widget elementor-widget-heading\" data-id=\"3b043a7\" data-element_type=\"widget\" data-e-type=\"widget\" data-widget_type=\"heading.default\">\n\t\t\t\t\t<h5 class=\"elementor-heading-title elementor-size-default\">Leia mais<\/h5>\t\t\t\t<\/div>\n\t\t\t\t<div class=\"elementor-element elementor-element-e042585 elementor-grid-1 elementor-posts--thumbnail-left home-skin-blog elementor-grid-tablet-1 elementor-grid-mobile-1 elementor-widget elementor-widget-posts\" data-id=\"e042585\" data-element_type=\"widget\" data-e-type=\"widget\" data-settings=\"{&quot;skin_blog_columns&quot;:&quot;1&quot;,&quot;skin_blog_row_gap&quot;:{&quot;unit&quot;:&quot;px&quot;,&quot;size&quot;:24,&quot;sizes&quot;:[]},&quot;skin_blog_columns_tablet&quot;:&quot;1&quot;,&quot;skin_blog_columns_mobile&quot;:&quot;1&quot;,&quot;skin_blog_row_gap_laptop&quot;:{&quot;unit&quot;:&quot;px&quot;,&quot;size&quot;:&quot;&quot;,&quot;sizes&quot;:[]},&quot;skin_blog_row_gap_tablet&quot;:{&quot;unit&quot;:&quot;px&quot;,&quot;size&quot;:&quot;&quot;,&quot;sizes&quot;:[]},&quot;skin_blog_row_gap_mobile&quot;:{&quot;unit&quot;:&quot;px&quot;,&quot;size&quot;:&quot;&quot;,&quot;sizes&quot;:[]}}\" data-widget_type=\"posts.skin_blog\">\n\t\t\t\t<div class=\"elementor-widget-container\">\n\t\t\t\t\t\t\t<div class=\"elementor-posts-container elementor-posts elementor-posts--skin-skin_blog elementor-grid\" role=\"list\">\n\t\t        <article class=\"elementor-post elementor-grid-item post-17455 post type-post status-publish format-standard has-post-thumbnail hentry category-noticias-da-empresa\">\n            \n            <a href=\"https:\/\/avilaspaces.com\/pt\/blog\/noticias-da-empresa\/avila-spaces-e-great-place-to-work-2026\/\" class=\"elementor-post__thumbnail__link\">\n                <div class=\"elementor-post__thumbnail\">\n                                            <img decoding=\"async\" src=\"https:\/\/avilaspaces.com\/wp-content\/uploads\/2026\/04\/Eventos-Office-RnD-10-1.jpg\" alt=\"Avila Spaces \u00e9 Great Place to Work 2026\">\n                                    <\/div>\n            <\/a>\n        \n            <div class=\"elementor-post__text\">\n            \n                <div class=\"elementor-post__meta-data\">\n                                                                        <span class=\"elementor-post__category\">Not\u00edcias da empresa<\/span>\n                                                            <\/div>\n                \n                \t\t<h5 class=\"elementor-post__title\">\n\t\t\t<a href=\"https:\/\/avilaspaces.com\/pt\/blog\/noticias-da-empresa\/avila-spaces-e-great-place-to-work-2026\/\">\n\t\t\t\tAvila Spaces \u00e9 Great Place to Work 2026\t\t\t<\/a>\n\t\t<\/h5>\n\t\t                \n                                \n                                    \n            <\/div>\n        \n        <\/article>\n                <article class=\"elementor-post elementor-grid-item post-21451 post type-post status-publish format-standard has-post-thumbnail hentry category-noticias-da-empresa\">\n            \n            <a href=\"https:\/\/avilaspaces.com\/pt\/blog\/noticias-da-empresa\/5-razoes-para-trabalhar-em-lisboa-portugal\/\" class=\"elementor-post__thumbnail__link\">\n                <div class=\"elementor-post__thumbnail\">\n                                            <img decoding=\"async\" src=\"https:\/\/avilaspaces.com\/wp-content\/uploads\/2025\/10\/Avila-Lounge-Atrium-12-3-scaled.jpg\" alt=\"5 raz\u00f5es para trabalhar em Lisboa, Portugal\">\n                                    <\/div>\n            <\/a>\n        \n            <div class=\"elementor-post__text\">\n            \n                <div class=\"elementor-post__meta-data\">\n                                                                        <span class=\"elementor-post__category\">Not\u00edcias da empresa<\/span>\n                                                            <\/div>\n                \n                \t\t<h5 class=\"elementor-post__title\">\n\t\t\t<a href=\"https:\/\/avilaspaces.com\/pt\/blog\/noticias-da-empresa\/5-razoes-para-trabalhar-em-lisboa-portugal\/\">\n\t\t\t\t5 raz\u00f5es para trabalhar em Lisboa, Portugal\t\t\t<\/a>\n\t\t<\/h5>\n\t\t                \n                                \n                                    \n            <\/div>\n        \n        <\/article>\n                <article class=\"elementor-post elementor-grid-item post-5744 post type-post status-publish format-standard has-post-thumbnail hentry category-destaque category-virtual-office\">\n            \n            <a href=\"https:\/\/avilaspaces.com\/pt\/blog\/destaque\/the-importance-of-wellbeing-in-talent-retention\/\" class=\"elementor-post__thumbnail__link\">\n                <div class=\"elementor-post__thumbnail\">\n                                            <img decoding=\"async\" src=\"https:\/\/avilaspaces.com\/wp-content\/uploads\/2025\/10\/Homem-a-trabalhar-em-lounge-moderno-1.png\" alt=\"A import\u00e2ncia do bem-estar na reten\u00e7\u00e3o de talentos\">\n                                    <\/div>\n            <\/a>\n        \n            <div class=\"elementor-post__text\">\n            \n                <div class=\"elementor-post__meta-data\">\n                                                                        <span class=\"elementor-post__category\">Escrit\u00f3rio Virtual<\/span>\n                                                            <\/div>\n                \n                \t\t<h5 class=\"elementor-post__title\">\n\t\t\t<a href=\"https:\/\/avilaspaces.com\/pt\/blog\/destaque\/the-importance-of-wellbeing-in-talent-retention\/\">\n\t\t\t\tA import\u00e2ncia do bem-estar na reten\u00e7\u00e3o de talentos\t\t\t<\/a>\n\t\t<\/h5>\n\t\t                \n                                \n                                    \n            <\/div>\n        \n        <\/article>\n        \t\t<\/div>\n\t\t\n\t\t\t\t\t\t<\/div>\n\t\t\t\t<\/div>\n\t\t\t\t<\/div>\n\t\t<div class=\"elementor-element elementor-element-a6777b9 e-con-full news-content-show e-flex e-con e-child\" data-id=\"a6777b9\" data-element_type=\"container\" data-e-type=\"container\" id=\"featured\">\n\t\t\t\t<div class=\"elementor-element elementor-element-2e32761 elementor-hidden-tablet elementor-hidden-mobile elementor-widget elementor-widget-heading\" data-id=\"2e32761\" data-element_type=\"widget\" data-e-type=\"widget\" data-widget_type=\"heading.default\">\n\t\t\t\t\t<h5 class=\"elementor-heading-title elementor-size-default\">not\u00edcias em destaque<\/h5>\t\t\t\t<\/div>\n\t\t\t\t<\/div>\n\t\t\t\t\t<\/div>\n\t\t\t\t<\/div>\n\t\t\t\t<\/div>\n\t\t\t\t<\/div>\n\t\t<\/div>\n\t\t\t\t\t\t<\/div>\n\t\t\t\t<\/div>\n\t\t\t\t<\/div>\n\t\t","protected":false},"excerpt":{"rendered":"<p>Avila Spaces announces its sponsorship of Pedro ?Figgy? Figueiredo, one of Portugal&#8217;s most&#8230;<\/p>\n","protected":false},"author":8,"featured_media":21211,"comment_status":"open","ping_status":"open","sticky":false,"template":"elementor_header_footer","format":"standard","meta":{"_acf_changed":false,"inline_featured_image":false,"footnotes":""},"categories":[47],"tags":[],"class_list":["post-21477","post","type-post","status-publish","format-standard","has-post-thumbnail","hentry","category-espaco-de-escritorios"],"acf":[],"_links":{"self":[{"href":"https:\/\/avilaspaces.com\/pt\/wp-json\/wp\/v2\/posts\/21477","targetHints":{"allow":["GET"]}}],"collection":[{"href":"https:\/\/avilaspaces.com\/pt\/wp-json\/wp\/v2\/posts"}],"about":[{"href":"https:\/\/avilaspaces.com\/pt\/wp-json\/wp\/v2\/types\/post"}],"author":[{"embeddable":true,"href":"https:\/\/avilaspaces.com\/pt\/wp-json\/wp\/v2\/users\/8"}],"replies":[{"embeddable":true,"href":"https:\/\/avilaspaces.com\/pt\/wp-json\/wp\/v2\/comments?post=21477"}],"version-history":[{"count":5,"href":"https:\/\/avilaspaces.com\/pt\/wp-json\/wp\/v2\/posts\/21477\/revisions"}],"predecessor-version":[{"id":21483,"href":"https:\/\/avilaspaces.com\/pt\/wp-json\/wp\/v2\/posts\/21477\/revisions\/21483"}],"wp:featuredmedia":[{"embeddable":true,"href":"https:\/\/avilaspaces.com\/pt\/wp-json\/wp\/v2\/media\/21211"}],"wp:attachment":[{"href":"https:\/\/avilaspaces.com\/pt\/wp-json\/wp\/v2\/media?parent=21477"}],"wp:term":[{"taxonomy":"category","embeddable":true,"href":"https:\/\/avilaspaces.com\/pt\/wp-json\/wp\/v2\/categories?post=21477"},{"taxonomy":"post_tag","embeddable":true,"href":"https:\/\/avilaspaces.com\/pt\/wp-json\/wp\/v2\/tags?post=21477"}],"curies":[{"name":"wp","href":"https:\/\/api.w.org\/{rel}","templated":true}]}}