{"id":21506,"date":"2025-05-08T18:07:05","date_gmt":"2025-05-08T18:07:05","guid":{"rendered":"https:\/\/avilaspaces.com\/blog\/uncategorized-pt\/avila-spaces-back-in-fundao-for-another-remote-week\/"},"modified":"2026-04-23T17:25:51","modified_gmt":"2026-04-23T17:25:51","slug":"avila-spaces-de-volta-ao-fundao-para-mais-uma-remote-week","status":"publish","type":"post","link":"https:\/\/avilaspaces.com\/pt\/blog\/espaco-de-escritorios\/avila-spaces-de-volta-ao-fundao-para-mais-uma-remote-week\/","title":{"rendered":"Avila Spaces de volta ao Fund\u00e3o para mais uma Remote Week"},"content":{"rendered":"\t\t<div data-elementor-type=\"wp-post\" data-elementor-id=\"21506\" class=\"elementor elementor-21506 elementor-300\" data-elementor-post-type=\"post\">\n\t\t\t\t<div class=\"elementor-element elementor-element-0a0232f e-flex e-con-boxed e-con e-parent\" data-id=\"0a0232f\" data-element_type=\"container\" data-e-type=\"container\">\n\t\t\t\t\t<div class=\"e-con-inner\">\n\t\t<div class=\"elementor-element elementor-element-6f6e540 e-flex e-con-boxed e-con e-child\" data-id=\"6f6e540\" data-element_type=\"container\" data-e-type=\"container\">\n\t\t\t\t\t<div class=\"e-con-inner\">\n\t\t\t\t<div class=\"elementor-element elementor-element-4b3a2c5 elementor-widget elementor-widget-shortcode\" data-id=\"4b3a2c5\" data-element_type=\"widget\" data-e-type=\"widget\" data-widget_type=\"shortcode.default\">\n\t\t\t\t\t\t\t<div class=\"elementor-shortcode\"><\/div>\n\t\t\t\t\t\t<\/div>\n\t\t\t\t<div class=\"elementor-element elementor-element-68db4a9 elementor-widget__width-initial elementor-widget elementor-widget-heading\" data-id=\"68db4a9\" data-element_type=\"widget\" data-e-type=\"widget\" data-widget_type=\"heading.default\">\n\t\t\t\t\t<h1 class=\"elementor-heading-title elementor-size-default\">Avila Spaces de volta ao Fund\u00e3o para mais uma Remote Week<\/h1>\t\t\t\t<\/div>\n\t\t\t\t<div class=\"elementor-element elementor-element-7ff4ee0 elementor-hidden-mobile elementor-widget elementor-widget-shortcode\" data-id=\"7ff4ee0\" data-element_type=\"widget\" data-e-type=\"widget\" data-widget_type=\"shortcode.default\">\n\t\t\t\t\t\t\t<div class=\"elementor-shortcode\"><div class=\"article-info\"><span class=\"date\">8 Mai 2025<\/span><span class=\"author\">Por<label>Avila Spaces<\/label><\/span><\/div><\/div>\n\t\t\t\t\t\t<\/div>\n\t\t\t\t<div class=\"elementor-element elementor-element-e7b5836 elementor-widget-divider--view-line elementor-widget elementor-widget-divider\" data-id=\"e7b5836\" data-element_type=\"widget\" data-e-type=\"widget\" data-widget_type=\"divider.default\">\n\t\t\t\t\t\t\t<div class=\"elementor-divider\">\n\t\t\t<span class=\"elementor-divider-separator\">\n\t\t\t\t\t\t<\/span>\n\t\t<\/div>\n\t\t\t\t\t\t<\/div>\n\t\t\t\t<div class=\"elementor-element elementor-element-3959e21 elementor-widget elementor-widget-text-editor\" data-id=\"3959e21\" data-element_type=\"widget\" data-e-type=\"widget\" data-widget_type=\"text-editor.default\">\n\t\t\t\t\t\t\t\t\t<p>Este maio, a Avila Spaces est\u00e1 de volta ao Fund\u00e3o para a segunda edi\u00e7\u00e3o da Remote Week. Este evento incr\u00edvel ter\u00e1 lugar de 29 de maio a 1 de junho e ir\u00e1 reunir um novo grupo de dez empreendedores da comunidade Avila Spaces, promovendo o contacto com empresas locais e a explora\u00e7\u00e3o de novas oportunidades de investimento.<\/p>\t\t\t\t\t\t\t\t<\/div>\n\t\t\t\t<div class=\"elementor-element elementor-element-9c32dfb elementor-widget elementor-widget-text-editor\" data-id=\"9c32dfb\" data-element_type=\"widget\" data-e-type=\"widget\" data-widget_type=\"text-editor.default\">\n\t\t\t\t\t\t\t\t\t<div class=\"\" data-turn-id-container=\"2beee24d-623d-4ae6-85e9-4060202314d2\" data-is-intersecting=\"true\">A primeira Remote Week teve lugar em maio de 2024, gra\u00e7as a um acordo entre a Avila Spaces e a <a href=\"https:\/\/www.cm-fundao.pt\/\" target=\"_blank\" rel=\"noopener\">C\u00e2mara Municipal do Fund\u00e3o.<\/a> O objetivo? Promover e apoiar o investimento, o empreendedorismo, a cria\u00e7\u00e3o de emprego e iniciativas de inova\u00e7\u00e3o, tudo no \u00e2mbito da Incubadora Urbana Polinucleada de Empresas e Neg\u00f3cios (IUPEN).\u00a0<\/div>\t\t\t\t\t\t\t\t<\/div>\n\t\t\t\t<div class=\"elementor-element elementor-element-e74fec7 elementor-widget elementor-widget-image\" data-id=\"e74fec7\" data-element_type=\"widget\" data-e-type=\"widget\" data-widget_type=\"image.default\">\n\t\t\t\t\t\t\t\t\t\t\t\t\t\t\t<img fetchpriority=\"high\" decoding=\"async\" width=\"800\" height=\"413\" src=\"https:\/\/avilaspaces.com\/wp-content\/uploads\/2025\/09\/1.png\" class=\"attachment-large size-large wp-image-5110\" alt=\"\" srcset=\"https:\/\/avilaspaces.com\/wp-content\/uploads\/2025\/09\/1.png 981w, https:\/\/avilaspaces.com\/wp-content\/uploads\/2025\/09\/1-300x155.png 300w, https:\/\/avilaspaces.com\/wp-content\/uploads\/2025\/09\/1-768x396.png 768w\" sizes=\"(max-width: 800px) 100vw, 800px\" \/>\t\t\t\t\t\t\t\t\t\t\t\t\t\t\t<\/div>\n\t\t\t\t<div class=\"elementor-element elementor-element-73730b5 elementor-widget elementor-widget-heading\" data-id=\"73730b5\" data-element_type=\"widget\" data-e-type=\"widget\" data-widget_type=\"heading.default\">\n\t\t\t\t\t<h2 class=\"elementor-heading-title elementor-size-default\">Parceria de sucesso<\/h2>\t\t\t\t<\/div>\n\t\t\t\t<div class=\"elementor-element elementor-element-eb928ef elementor-widget elementor-widget-text-editor\" data-id=\"eb928ef\" data-element_type=\"widget\" data-e-type=\"widget\" data-widget_type=\"text-editor.default\">\n\t\t\t\t\t\t\t\t\t<p data-start=\"0\" data-end=\"360\">O nosso CEO, Carlos Gon\u00e7alves, destaca as vantagens desta iniciativa: \u201cA C\u00e2mara Municipal do Fund\u00e3o \u00e9 um dos munic\u00edpios mais din\u00e2micos do pa\u00eds em termos de pol\u00edticas de atra\u00e7\u00e3o de investimento e sinergias internacionais. Ap\u00f3s o sucesso da primeira edi\u00e7\u00e3o, tivemos de regressar para dar continuidade ao trabalho de investimento e de parcerias iniciado em 2024.\u201d<\/p><p data-start=\"362\" data-end=\"642\" data-is-last-node=\"\" data-is-only-node=\"\">Durante a Remote Week, os empreendedores ter\u00e3o acesso gratuito \u00e0 rede de espa\u00e7os de coworking geridos pelo munic\u00edpio, como a Casa do Guarda, na Serra da Gardunha. Os participantes ficar\u00e3o alojados no Natura Glamping, num ambiente altamente inspirador que combina trabalho e lazer.<\/p>\t\t\t\t\t\t\t\t<\/div>\n\t\t\t\t<div class=\"elementor-element elementor-element-9cb2ea0 elementor-widget elementor-widget-image\" data-id=\"9cb2ea0\" data-element_type=\"widget\" data-e-type=\"widget\" data-widget_type=\"image.default\">\n\t\t\t\t\t\t\t\t\t\t\t\t\t\t\t<img decoding=\"async\" width=\"800\" height=\"413\" src=\"https:\/\/avilaspaces.com\/wp-content\/uploads\/2025\/09\/3.png\" class=\"attachment-large size-large wp-image-5111\" alt=\"\" srcset=\"https:\/\/avilaspaces.com\/wp-content\/uploads\/2025\/09\/3.png 981w, https:\/\/avilaspaces.com\/wp-content\/uploads\/2025\/09\/3-300x155.png 300w, https:\/\/avilaspaces.com\/wp-content\/uploads\/2025\/09\/3-768x396.png 768w\" sizes=\"(max-width: 800px) 100vw, 800px\" \/>\t\t\t\t\t\t\t\t\t\t\t\t\t\t\t<\/div>\n\t\t\t\t<div class=\"elementor-element elementor-element-7910284 elementor-widget elementor-widget-heading\" data-id=\"7910284\" data-element_type=\"widget\" data-e-type=\"widget\" data-widget_type=\"heading.default\">\n\t\t\t\t\t<h2 class=\"elementor-heading-title elementor-size-default\">Explorar o potencial do Fund\u00e3o<\/h2>\t\t\t\t<\/div>\n\t\t\t\t<div class=\"elementor-element elementor-element-ba48499 elementor-widget elementor-widget-text-editor\" data-id=\"ba48499\" data-element_type=\"widget\" data-e-type=\"widget\" data-widget_type=\"text-editor.default\">\n\t\t\t\t\t\t\t\t\t<p>O Fund\u00e3o \u00e9 conhecido por ter um dos ecossistemas tecnol\u00f3gicos mais desenvolvidos do interior do pa\u00eds, atraindo empresas como a IBM, a Capgemini e a Readiness IT. A Remote Week n\u00e3o s\u00f3 promove o contacto empresarial, como tamb\u00e9m apresenta a regi\u00e3o como destino tur\u00edstico, com mostras de produtos regionais, gastronomia e visitas a aldeias hist\u00f3ricas.<\/p>\t\t\t\t\t\t\t\t<\/div>\n\t\t\t\t<div class=\"elementor-element elementor-element-f47a462 elementor-widget elementor-widget-heading\" data-id=\"f47a462\" data-element_type=\"widget\" data-e-type=\"widget\" data-widget_type=\"heading.default\">\n\t\t\t\t\t<h2 class=\"elementor-heading-title elementor-size-default\">Atividades e Networking<\/h2>\t\t\t\t<\/div>\n\t\t\t\t<div class=\"elementor-element elementor-element-4a71a70 elementor-widget elementor-widget-text-editor\" data-id=\"4a71a70\" data-element_type=\"widget\" data-e-type=\"widget\" data-widget_type=\"text-editor.default\">\n\t\t\t\t\t\t\t\t\t<p>Para al\u00e9m das atividades empresariais, a Remote Week tamb\u00e9m oferece uma vertente social e de lazer. Os participantes ter\u00e3o a oportunidade de conhecer a cultura local, provar a gastronomia t\u00edpica e visitar aldeias hist\u00f3ricas. Estas experi\u00eancias n\u00e3o s\u00f3 enriquecem a viv\u00eancia dos empreendedores, como tamb\u00e9m contribuem para promover o Fund\u00e3o como um destino tur\u00edstico atrativo.<\/p>\t\t\t\t\t\t\t\t<\/div>\n\t\t\t\t<div class=\"elementor-element elementor-element-53ccc0a elementor-widget elementor-widget-image\" data-id=\"53ccc0a\" data-element_type=\"widget\" data-e-type=\"widget\" data-widget_type=\"image.default\">\n\t\t\t\t\t\t\t\t\t\t\t\t\t\t\t<img decoding=\"async\" width=\"800\" height=\"413\" src=\"https:\/\/avilaspaces.com\/wp-content\/uploads\/2025\/09\/4.png\" class=\"attachment-large size-large wp-image-5112\" alt=\"\" srcset=\"https:\/\/avilaspaces.com\/wp-content\/uploads\/2025\/09\/4.png 981w, https:\/\/avilaspaces.com\/wp-content\/uploads\/2025\/09\/4-300x155.png 300w, https:\/\/avilaspaces.com\/wp-content\/uploads\/2025\/09\/4-768x396.png 768w\" sizes=\"(max-width: 800px) 100vw, 800px\" \/>\t\t\t\t\t\t\t\t\t\t\t\t\t\t\t<\/div>\n\t\t\t\t<div class=\"elementor-element elementor-element-32fb8cb elementor-widget elementor-widget-heading\" data-id=\"32fb8cb\" data-element_type=\"widget\" data-e-type=\"widget\" data-widget_type=\"heading.default\">\n\t\t\t\t\t<h2 class=\"elementor-heading-title elementor-size-default\">Impacto e Sustentabilidade<\/h2>\t\t\t\t<\/div>\n\t\t\t\t<div class=\"elementor-element elementor-element-0856a97 elementor-widget elementor-widget-text-editor\" data-id=\"0856a97\" data-element_type=\"widget\" data-e-type=\"widget\" data-widget_type=\"text-editor.default\">\n\t\t\t\t\t\t\t\t\t<p>Carlos Gon\u00e7alves destaca ainda a forma como esta iniciativa se alinha com os valores do Avila Spaces, afirmando que a segunda Remote Week \u201cse enquadra de forma clara e estrat\u00e9gica tanto na pol\u00edtica de responsabilidade social do Avila como nas pr\u00e1ticas de <span style=\"text-decoration: underline; color: #000000;\"><a style=\"color: #000000; text-decoration: underline;\" href=\"https:\/\/avilaspaces.com\/en\/esg\/\" target=\"_blank\" rel=\"noopener\">ESG<\/a><\/span>, em particular nos pilares social e de governance\u201d. Ao promover o contacto entre empreendedores e uma regi\u00e3o menos desenvolvida, o Avila Spaces contribui para a redu\u00e7\u00e3o das assimetrias territoriais e para o desenvolvimento econ\u00f3mico local.<\/p>\t\t\t\t\t\t\t\t<\/div>\n\t\t\t\t<div class=\"elementor-element elementor-element-b5b4361 elementor-widget elementor-widget-heading\" data-id=\"b5b4361\" data-element_type=\"widget\" data-e-type=\"widget\" data-widget_type=\"heading.default\">\n\t\t\t\t\t<h3 class=\"elementor-heading-title elementor-size-default\">\u00abAp\u00f3s o sucesso da primeira edi\u00e7\u00e3o, tivemos de regressar para dar continuidade ao trabalho de investimento e de parcerias realizado em 2024.\u00bb<\/h3>\t\t\t\t<\/div>\n\t\t\t\t<div class=\"elementor-element elementor-element-3dc8405 elementor-widget elementor-widget-text-editor\" data-id=\"3dc8405\" data-element_type=\"widget\" data-e-type=\"widget\" data-widget_type=\"text-editor.default\">\n\t\t\t\t\t\t\t\t\t<div class=\"\" data-turn-id-container=\"request-WEB:399687c1-ef66-42c8-965e-432c9b61461b-13\" data-is-intersecting=\"true\"><section class=\"text-token-text-primary w-full focus:outline-none [--shadow-height:45px] has-data-writing-block:pointer-events-none has-data-writing-block:-mt-(--shadow-height) has-data-writing-block:pt-(--shadow-height) [&amp;:has([data-writing-block])&gt;*]:pointer-events-auto R6Vx5W_threadScrollVars scroll-mb-[calc(var(--scroll-root-safe-area-inset-bottom,0px)+var(--thread-response-height))] scroll-mt-[calc(var(--header-height)+min(200px,max(70px,20svh)))]\" dir=\"auto\" data-turn-id=\"request-WEB:399687c1-ef66-42c8-965e-432c9b61461b-13\" data-testid=\"conversation-turn-28\" data-scroll-anchor=\"false\" data-turn=\"assistant\"><div class=\"text-base my-auto mx-auto pb-10 [--thread-content-margin:var(--thread-content-margin-xs,calc(var(--spacing)*4))] @w-sm\/main:[--thread-content-margin:var(--thread-content-margin-sm,calc(var(--spacing)*6))] @w-lg\/main:[--thread-content-margin:var(--thread-content-margin-lg,calc(var(--spacing)*16))] px-(--thread-content-margin)\"><div class=\"[--thread-content-max-width:40rem] @w-lg\/main:[--thread-content-max-width:48rem] mx-auto max-w-(--thread-content-max-width) flex-1 group\/turn-messages focus-visible:outline-hidden relative flex w-full min-w-0 flex-col agent-turn\"><div class=\"flex max-w-full flex-col gap-4 grow\"><div class=\"min-h-8 text-message relative flex w-full flex-col items-end gap-2 text-start break-words whitespace-normal outline-none keyboard-focused:focus-ring [.text-message+&amp;]:mt-1\" dir=\"auto\" tabindex=\"0\" data-message-author-role=\"assistant\" data-message-id=\"aed8a65a-5511-493b-865a-1c2a96cbd97c\" data-message-model-slug=\"gpt-5-3\" data-turn-start-message=\"true\"><div class=\"flex w-full flex-col gap-1 empty:hidden\"><div class=\"markdown prose dark:prose-invert w-full wrap-break-word light markdown-new-styling\"><p data-start=\"0\" data-end=\"361\" data-is-last-node=\"\" data-is-only-node=\"\">A Remote Week 2025 promete ser uma experi\u00eancia enriquecedora para todos os envolvidos, refor\u00e7ando os la\u00e7os entre empreendedores e a comunidade local, e promovendo o Fund\u00e3o como um polo de inova\u00e7\u00e3o e turismo. N\u00e3o perca a oportunidade de participar neste evento \u00fanico e fazer parte de uma iniciativa que pretende transformar o futuro do empreendedorismo regional.<\/p><\/div><\/div><\/div><\/div><\/div><\/div><\/section><\/div>\t\t\t\t\t\t\t\t<\/div>\n\t\t\t\t<div class=\"elementor-element elementor-element-dde3091 elementor-widget elementor-widget-heading\" data-id=\"dde3091\" data-element_type=\"widget\" data-e-type=\"widget\" data-widget_type=\"heading.default\">\n\t\t\t\t\t<h2 class=\"elementor-heading-title elementor-size-default\">Workshop de Empreendedorismo<\/h2>\t\t\t\t<\/div>\n\t\t\t\t<div class=\"elementor-element elementor-element-ade6d32 elementor-widget elementor-widget-text-editor\" data-id=\"ade6d32\" data-element_type=\"widget\" data-e-type=\"widget\" data-widget_type=\"text-editor.default\">\n\t\t\t\t\t\t\t\t\t<div class=\"\" data-turn-id-container=\"3660ed6c-32e4-4ff7-9c88-437ead8803a1\" data-is-intersecting=\"true\">Para dar in\u00edcio \u00e0 Remote Week 2025, <span style=\"text-decoration: underline; color: #000000;\"><a style=\"color: #000000; text-decoration: underline;\" href=\"https:\/\/movetofundao2024.pt\/incubadora-a-praca\/\" target=\"_blank\" rel=\"noopener\">A Pra\u00e7a<\/a><\/span>, uma incubadora no Fund\u00e3o, vai acolher um workshop sobre empreendedorismo intitulado \u201cThe Future is Sustainable. From ESG to CraftLab: Creating with Impact\u201d. O evento ter\u00e1 lugar no dia 30 de maio, \u00e0s 16h. As inscri\u00e7\u00f5es j\u00e1 est\u00e3o abertas e podem ser feitas <a href=\"https:\/\/docs.google.com\/forms\/d\/e\/1FAIpQLScC9jAAhQi7F-vKnr1I6pky87dd2CqOtWhqgazOXW9_xgK9Pw\/viewform\" target=\"_blank\" rel=\"noopener\">aqui<\/a>!<\/div>\t\t\t\t\t\t\t\t<\/div>\n\t\t\t\t<div class=\"elementor-element elementor-element-8cb5144 elementor-widget elementor-widget-image\" data-id=\"8cb5144\" data-element_type=\"widget\" data-e-type=\"widget\" data-widget_type=\"image.default\">\n\t\t\t\t\t\t\t\t\t\t\t\t\t\t\t<img loading=\"lazy\" decoding=\"async\" width=\"800\" height=\"413\" src=\"https:\/\/avilaspaces.com\/wp-content\/uploads\/2025\/05\/2.png\" class=\"attachment-large size-large wp-image-5125\" alt=\"\" srcset=\"https:\/\/avilaspaces.com\/wp-content\/uploads\/2025\/05\/2.png 981w, https:\/\/avilaspaces.com\/wp-content\/uploads\/2025\/05\/2-300x155.png 300w, https:\/\/avilaspaces.com\/wp-content\/uploads\/2025\/05\/2-768x396.png 768w\" sizes=\"(max-width: 800px) 100vw, 800px\" \/>\t\t\t\t\t\t\t\t\t\t\t\t\t\t\t<\/div>\n\t\t\t\t\t<\/div>\n\t\t\t\t<\/div>\n\t\t\t\t\t<\/div>\n\t\t\t\t<\/div>\n\t\t<div class=\"elementor-element elementor-element-efe84d2 e-flex e-con-boxed e-con e-parent\" data-id=\"efe84d2\" data-element_type=\"container\" data-e-type=\"container\">\n\t\t\t\t\t<div class=\"e-con-inner\">\n\t\t\t\t<div class=\"elementor-element elementor-element-a5dc1d0 elementor-widget-divider--view-line elementor-widget elementor-widget-divider\" data-id=\"a5dc1d0\" data-element_type=\"widget\" data-e-type=\"widget\" data-widget_type=\"divider.default\">\n\t\t\t\t\t\t\t<div class=\"elementor-divider\">\n\t\t\t<span class=\"elementor-divider-separator\">\n\t\t\t\t\t\t<\/span>\n\t\t<\/div>\n\t\t\t\t\t\t<\/div>\n\t\t\t\t\t<\/div>\n\t\t\t\t<\/div>\n\t\t<div class=\"elementor-element elementor-element-a3b8c9c e-con-full e-flex e-con e-parent\" data-id=\"a3b8c9c\" data-element_type=\"container\" data-e-type=\"container\">\n\t\t\t\t<div class=\"elementor-element elementor-element-a2df15c elementor-widget elementor-widget-shortcode\" data-id=\"a2df15c\" data-element_type=\"widget\" data-e-type=\"widget\" data-widget_type=\"shortcode.default\">\n\t\t\t\t\t\t\t<div class=\"elementor-shortcode\">\t\t<div data-elementor-type=\"section\" data-elementor-id=\"5749\" class=\"elementor elementor-5749 elementor-2921\" data-elementor-post-type=\"elementor_library\">\n\t\t\t<div class=\"elementor-element elementor-element-a2fcb72 e-con-full e-flex e-con e-parent\" data-id=\"a2fcb72\" data-element_type=\"container\" data-e-type=\"container\">\n\t\t<div class=\"elementor-element elementor-element-6e708d0 e-flex e-con-boxed e-con e-child\" data-id=\"6e708d0\" data-element_type=\"container\" data-e-type=\"container\">\n\t\t\t\t\t<div class=\"e-con-inner\">\n\t\t\t\t<div class=\"elementor-element elementor-element-8fb6688 elementor-align-justify elementor-widget__width-initial news-tab-show elementor-widget elementor-widget-button\" data-id=\"8fb6688\" data-element_type=\"widget\" data-e-type=\"widget\" id=\"read-more\" data-widget_type=\"button.default\">\n\t\t\t\t\t\t\t\t\t\t<a class=\"elementor-button elementor-size-sm\" role=\"button\">\n\t\t\t\t\t\t<span class=\"elementor-button-content-wrapper\">\n\t\t\t\t\t\t\t\t\t<span class=\"elementor-button-text\">read more<\/span>\n\t\t\t\t\t<\/span>\n\t\t\t\t\t<\/a>\n\t\t\t\t\t\t\t\t<\/div>\n\t\t\t\t<div class=\"elementor-element elementor-element-a498d68 elementor-align-justify elementor-widget__width-initial news-tab-show elementor-widget elementor-widget-button\" data-id=\"a498d68\" data-element_type=\"widget\" data-e-type=\"widget\" id=\"featured\" data-widget_type=\"button.default\">\n\t\t\t\t\t\t\t\t\t\t<a class=\"elementor-button elementor-size-sm\" role=\"button\">\n\t\t\t\t\t\t<span class=\"elementor-button-content-wrapper\">\n\t\t\t\t\t\t\t\t\t<span class=\"elementor-button-text\">featured<\/span>\n\t\t\t\t\t<\/span>\n\t\t\t\t\t<\/a>\n\t\t\t\t\t\t\t\t<\/div>\n\t\t\t\t\t<\/div>\n\t\t\t\t<\/div>\n\t\t<div class=\"elementor-element elementor-element-551e6af e-flex e-con-boxed e-con e-child\" data-id=\"551e6af\" data-element_type=\"container\" data-e-type=\"container\">\n\t\t\t\t\t<div class=\"e-con-inner\">\n\t\t<div class=\"elementor-element elementor-element-5315e34 e-con-full news-content-show e-flex e-con e-child\" data-id=\"5315e34\" data-element_type=\"container\" data-e-type=\"container\" id=\"read-more\">\n\t\t\t\t<div class=\"elementor-element elementor-element-3b043a7 elementor-hidden-tablet elementor-hidden-mobile elementor-widget elementor-widget-heading\" data-id=\"3b043a7\" data-element_type=\"widget\" data-e-type=\"widget\" data-widget_type=\"heading.default\">\n\t\t\t\t\t<h5 class=\"elementor-heading-title elementor-size-default\">Leia mais<\/h5>\t\t\t\t<\/div>\n\t\t\t\t<div class=\"elementor-element elementor-element-e042585 elementor-grid-1 elementor-posts--thumbnail-left home-skin-blog elementor-grid-tablet-1 elementor-grid-mobile-1 elementor-widget elementor-widget-posts\" data-id=\"e042585\" data-element_type=\"widget\" data-e-type=\"widget\" data-settings=\"{&quot;skin_blog_columns&quot;:&quot;1&quot;,&quot;skin_blog_row_gap&quot;:{&quot;unit&quot;:&quot;px&quot;,&quot;size&quot;:24,&quot;sizes&quot;:[]},&quot;skin_blog_columns_tablet&quot;:&quot;1&quot;,&quot;skin_blog_columns_mobile&quot;:&quot;1&quot;,&quot;skin_blog_row_gap_laptop&quot;:{&quot;unit&quot;:&quot;px&quot;,&quot;size&quot;:&quot;&quot;,&quot;sizes&quot;:[]},&quot;skin_blog_row_gap_tablet&quot;:{&quot;unit&quot;:&quot;px&quot;,&quot;size&quot;:&quot;&quot;,&quot;sizes&quot;:[]},&quot;skin_blog_row_gap_mobile&quot;:{&quot;unit&quot;:&quot;px&quot;,&quot;size&quot;:&quot;&quot;,&quot;sizes&quot;:[]}}\" data-widget_type=\"posts.skin_blog\">\n\t\t\t\t<div class=\"elementor-widget-container\">\n\t\t\t\t\t\t\t<div class=\"elementor-posts-container elementor-posts elementor-posts--skin-skin_blog elementor-grid\" role=\"list\">\n\t\t        <article class=\"elementor-post elementor-grid-item post-17455 post type-post status-publish format-standard has-post-thumbnail hentry category-noticias-da-empresa\">\n            \n            <a href=\"https:\/\/avilaspaces.com\/pt\/blog\/noticias-da-empresa\/avila-spaces-e-great-place-to-work-2026\/\" class=\"elementor-post__thumbnail__link\">\n                <div class=\"elementor-post__thumbnail\">\n                                            <img decoding=\"async\" src=\"https:\/\/avilaspaces.com\/wp-content\/uploads\/2026\/04\/Eventos-Office-RnD-10-1.jpg\" alt=\"Avila Spaces \u00e9 Great Place to Work 2026\">\n                                    <\/div>\n            <\/a>\n        \n            <div class=\"elementor-post__text\">\n            \n                <div class=\"elementor-post__meta-data\">\n                                                                        <span class=\"elementor-post__category\">Not\u00edcias da empresa<\/span>\n                                                            <\/div>\n                \n                \t\t<h5 class=\"elementor-post__title\">\n\t\t\t<a href=\"https:\/\/avilaspaces.com\/pt\/blog\/noticias-da-empresa\/avila-spaces-e-great-place-to-work-2026\/\">\n\t\t\t\tAvila Spaces \u00e9 Great Place to Work 2026\t\t\t<\/a>\n\t\t<\/h5>\n\t\t                \n                                \n                                    \n            <\/div>\n        \n        <\/article>\n                <article class=\"elementor-post elementor-grid-item post-21451 post type-post status-publish format-standard has-post-thumbnail hentry category-noticias-da-empresa\">\n            \n            <a href=\"https:\/\/avilaspaces.com\/pt\/blog\/noticias-da-empresa\/5-razoes-para-trabalhar-em-lisboa-portugal\/\" class=\"elementor-post__thumbnail__link\">\n                <div class=\"elementor-post__thumbnail\">\n                                            <img decoding=\"async\" src=\"https:\/\/avilaspaces.com\/wp-content\/uploads\/2025\/10\/Avila-Lounge-Atrium-12-3-scaled.jpg\" alt=\"5 raz\u00f5es para trabalhar em Lisboa, Portugal\">\n                                    <\/div>\n            <\/a>\n        \n            <div class=\"elementor-post__text\">\n            \n                <div class=\"elementor-post__meta-data\">\n                                                                        <span class=\"elementor-post__category\">Not\u00edcias da empresa<\/span>\n                                                            <\/div>\n                \n                \t\t<h5 class=\"elementor-post__title\">\n\t\t\t<a href=\"https:\/\/avilaspaces.com\/pt\/blog\/noticias-da-empresa\/5-razoes-para-trabalhar-em-lisboa-portugal\/\">\n\t\t\t\t5 raz\u00f5es para trabalhar em Lisboa, Portugal\t\t\t<\/a>\n\t\t<\/h5>\n\t\t                \n                                \n                                    \n            <\/div>\n        \n        <\/article>\n                <article class=\"elementor-post elementor-grid-item post-5744 post type-post status-publish format-standard has-post-thumbnail hentry category-destaque category-virtual-office\">\n            \n            <a href=\"https:\/\/avilaspaces.com\/pt\/blog\/destaque\/the-importance-of-wellbeing-in-talent-retention\/\" class=\"elementor-post__thumbnail__link\">\n                <div class=\"elementor-post__thumbnail\">\n                                            <img decoding=\"async\" src=\"https:\/\/avilaspaces.com\/wp-content\/uploads\/2025\/10\/Homem-a-trabalhar-em-lounge-moderno-1.png\" alt=\"A import\u00e2ncia do bem-estar na reten\u00e7\u00e3o de talentos\">\n                                    <\/div>\n            <\/a>\n        \n            <div class=\"elementor-post__text\">\n            \n                <div class=\"elementor-post__meta-data\">\n                                                                        <span class=\"elementor-post__category\">Escrit\u00f3rio Virtual<\/span>\n                                                            <\/div>\n                \n                \t\t<h5 class=\"elementor-post__title\">\n\t\t\t<a href=\"https:\/\/avilaspaces.com\/pt\/blog\/destaque\/the-importance-of-wellbeing-in-talent-retention\/\">\n\t\t\t\tA import\u00e2ncia do bem-estar na reten\u00e7\u00e3o de talentos\t\t\t<\/a>\n\t\t<\/h5>\n\t\t                \n                                \n                                    \n            <\/div>\n        \n        <\/article>\n        \t\t<\/div>\n\t\t\n\t\t\t\t\t\t<\/div>\n\t\t\t\t<\/div>\n\t\t\t\t<\/div>\n\t\t<div class=\"elementor-element elementor-element-a6777b9 e-con-full news-content-show e-flex e-con e-child\" data-id=\"a6777b9\" data-element_type=\"container\" data-e-type=\"container\" id=\"featured\">\n\t\t\t\t<div class=\"elementor-element elementor-element-2e32761 elementor-hidden-tablet elementor-hidden-mobile elementor-widget elementor-widget-heading\" data-id=\"2e32761\" data-element_type=\"widget\" data-e-type=\"widget\" data-widget_type=\"heading.default\">\n\t\t\t\t\t<h5 class=\"elementor-heading-title elementor-size-default\">not\u00edcias em destaque<\/h5>\t\t\t\t<\/div>\n\t\t\t\t<\/div>\n\t\t\t\t\t<\/div>\n\t\t\t\t<\/div>\n\t\t\t\t<\/div>\n\t\t\t\t<\/div>\n\t\t<\/div>\n\t\t\t\t\t\t<\/div>\n\t\t\t\t<\/div>\n\t\t\t\t<\/div>\n\t\t","protected":false},"excerpt":{"rendered":"<p>The second edition of Remote Week in Fund\u00e3o has been confirmed. In 2025, a new group of&#8230;<\/p>\n","protected":false},"author":8,"featured_media":21234,"comment_status":"open","ping_status":"open","sticky":false,"template":"elementor_header_footer","format":"standard","meta":{"_acf_changed":false,"inline_featured_image":false,"footnotes":""},"categories":[47],"tags":[],"class_list":["post-21506","post","type-post","status-publish","format-standard","has-post-thumbnail","hentry","category-espaco-de-escritorios"],"acf":[],"_links":{"self":[{"href":"https:\/\/avilaspaces.com\/pt\/wp-json\/wp\/v2\/posts\/21506","targetHints":{"allow":["GET"]}}],"collection":[{"href":"https:\/\/avilaspaces.com\/pt\/wp-json\/wp\/v2\/posts"}],"about":[{"href":"https:\/\/avilaspaces.com\/pt\/wp-json\/wp\/v2\/types\/post"}],"author":[{"embeddable":true,"href":"https:\/\/avilaspaces.com\/pt\/wp-json\/wp\/v2\/users\/8"}],"replies":[{"embeddable":true,"href":"https:\/\/avilaspaces.com\/pt\/wp-json\/wp\/v2\/comments?post=21506"}],"version-history":[{"count":5,"href":"https:\/\/avilaspaces.com\/pt\/wp-json\/wp\/v2\/posts\/21506\/revisions"}],"predecessor-version":[{"id":21513,"href":"https:\/\/avilaspaces.com\/pt\/wp-json\/wp\/v2\/posts\/21506\/revisions\/21513"}],"wp:featuredmedia":[{"embeddable":true,"href":"https:\/\/avilaspaces.com\/pt\/wp-json\/wp\/v2\/media\/21234"}],"wp:attachment":[{"href":"https:\/\/avilaspaces.com\/pt\/wp-json\/wp\/v2\/media?parent=21506"}],"wp:term":[{"taxonomy":"category","embeddable":true,"href":"https:\/\/avilaspaces.com\/pt\/wp-json\/wp\/v2\/categories?post=21506"},{"taxonomy":"post_tag","embeddable":true,"href":"https:\/\/avilaspaces.com\/pt\/wp-json\/wp\/v2\/tags?post=21506"}],"curies":[{"name":"wp","href":"https:\/\/api.w.org\/{rel}","templated":true}]}}