{"id":21514,"date":"2025-06-13T18:13:39","date_gmt":"2025-06-13T18:13:39","guid":{"rendered":"https:\/\/avilaspaces.com\/blog\/uncategorized-pt\/increasing-productivity-in-the-workplace-through-the-practice-of-meditation\/"},"modified":"2026-04-23T17:36:06","modified_gmt":"2026-04-23T17:36:06","slug":"aumentar-a-produtividade-no-local-de-trabalho-atraves-da-pratica-da-meditacao","status":"publish","type":"post","link":"https:\/\/avilaspaces.com\/pt\/blog\/espaco-de-escritorios\/aumentar-a-produtividade-no-local-de-trabalho-atraves-da-pratica-da-meditacao\/","title":{"rendered":"Aumentar a produtividade no local de trabalho atrav\u00e9s da pr\u00e1tica da medita\u00e7\u00e3o"},"content":{"rendered":"\t\t<div data-elementor-type=\"wp-post\" data-elementor-id=\"21514\" class=\"elementor elementor-21514 elementor-301\" data-elementor-post-type=\"post\">\n\t\t\t\t<div class=\"elementor-element elementor-element-5fcb003 e-con-full e-flex e-con e-parent\" data-id=\"5fcb003\" data-element_type=\"container\" data-e-type=\"container\">\n\t\t<div class=\"elementor-element elementor-element-d3d9063 e-flex e-con-boxed e-con e-child\" data-id=\"d3d9063\" data-element_type=\"container\" data-e-type=\"container\">\n\t\t\t\t\t<div class=\"e-con-inner\">\n\t\t\t\t<div class=\"elementor-element elementor-element-ccec248 elementor-widget elementor-widget-shortcode\" data-id=\"ccec248\" data-element_type=\"widget\" data-e-type=\"widget\" data-widget_type=\"shortcode.default\">\n\t\t\t\t\t\t\t<div class=\"elementor-shortcode\"><\/div>\n\t\t\t\t\t\t<\/div>\n\t\t\t\t<div class=\"elementor-element elementor-element-b96fab4 elementor-widget__width-initial elementor-widget elementor-widget-heading\" data-id=\"b96fab4\" data-element_type=\"widget\" data-e-type=\"widget\" data-widget_type=\"heading.default\">\n\t\t\t\t\t<h1 class=\"elementor-heading-title elementor-size-default\">Aumentar a produtividade no local de trabalho atrav\u00e9s da pr\u00e1tica da medita\u00e7\u00e3o<\/h1>\t\t\t\t<\/div>\n\t\t\t\t<div class=\"elementor-element elementor-element-b53768c elementor-hidden-mobile elementor-widget elementor-widget-shortcode\" data-id=\"b53768c\" data-element_type=\"widget\" data-e-type=\"widget\" data-widget_type=\"shortcode.default\">\n\t\t\t\t\t\t\t<div class=\"elementor-shortcode\"><div class=\"article-info\"><span class=\"date\">13 Jun 2025<\/span><span class=\"author\">Por<label>Avila Spaces<\/label><\/span><\/div><\/div>\n\t\t\t\t\t\t<\/div>\n\t\t\t\t<div class=\"elementor-element elementor-element-575e252 elementor-widget-divider--view-line elementor-widget elementor-widget-divider\" data-id=\"575e252\" data-element_type=\"widget\" data-e-type=\"widget\" data-widget_type=\"divider.default\">\n\t\t\t\t\t\t\t<div class=\"elementor-divider\">\n\t\t\t<span class=\"elementor-divider-separator\">\n\t\t\t\t\t\t<\/span>\n\t\t<\/div>\n\t\t\t\t\t\t<\/div>\n\t\t\t\t<div class=\"elementor-element elementor-element-d9f1d26 elementor-widget elementor-widget-text-editor\" data-id=\"d9f1d26\" data-element_type=\"widget\" data-e-type=\"widget\" data-widget_type=\"text-editor.default\">\n\t\t\t\t\t\t\t\t\t<p>No ambiente de trabalho moderno e acelerado, a produtividade muitas vezes parece uma corrida contra o tempo.<br \/><br \/>Prazos, reuni\u00f5es e notifica\u00e7\u00f5es constantes podem deixar-nos sobrecarregados e mentalmente exaustos. No meio deste ritmo intenso, a pr\u00e1tica da medita\u00e7\u00e3o tem vindo a ganhar reconhecimento pelos seus benef\u00edcios profundos.<\/p>\t\t\t\t\t\t\t\t<\/div>\n\t\t\t\t<div class=\"elementor-element elementor-element-835bcfd elementor-widget elementor-widget-heading\" data-id=\"835bcfd\" data-element_type=\"widget\" data-e-type=\"widget\" data-widget_type=\"heading.default\">\n\t\t\t\t\t<h2 class=\"elementor-heading-title elementor-size-default\">Explicando a Medita\u00e7\u00e3o<\/h2>\t\t\t\t<\/div>\n\t\t\t\t<div class=\"elementor-element elementor-element-b7c5ae3 elementor-widget elementor-widget-text-editor\" data-id=\"b7c5ae3\" data-element_type=\"widget\" data-e-type=\"widget\" data-widget_type=\"text-editor.default\">\n\t\t\t\t\t\t\t\t\t<p data-start=\"0\" data-end=\"226\">A medita\u00e7\u00e3o ajuda-nos a focar a mente e a eliminar distra\u00e7\u00f5es. Iniciamos a pr\u00e1tica com exerc\u00edcios de respira\u00e7\u00e3o para acalmar a mente e relaxar, aumentando a aten\u00e7\u00e3o plena, com visualiza\u00e7\u00f5es guiadas ou simplesmente em sil\u00eancio.<\/p><p data-start=\"228\" data-end=\"519\">A medita\u00e7\u00e3o \u00e9 reconhecida como uma ferramenta pr\u00e1tica que melhora a clareza mental e o equil\u00edbrio emocional.<br data-start=\"336\" data-end=\"339\" \/>Diversos estudos demonstram que a medita\u00e7\u00e3o tem um impacto positivo no c\u00e9rebro. A pr\u00e1tica regular pode melhorar o humor, a capacidade de concentra\u00e7\u00e3o e reduzir os n\u00edveis de stress.<\/p><p data-start=\"521\" data-end=\"717\" data-is-last-node=\"\" data-is-only-node=\"\">Foi tamb\u00e9m demonstrado que pode reduzir o tamanho da am\u00edgdala, conhecida como o centro do medo no c\u00e9rebro, ajudando-nos a responder de forma mais calma a n\u00edveis gerais de ansiedade, stress e medo.<\/p>\t\t\t\t\t\t\t\t<\/div>\n\t\t\t\t<div class=\"elementor-element elementor-element-0030ed1 elementor-widget elementor-widget-image\" data-id=\"0030ed1\" data-element_type=\"widget\" data-e-type=\"widget\" data-widget_type=\"image.default\">\n\t\t\t\t\t\t\t\t\t\t\t\t\t\t\t<img fetchpriority=\"high\" decoding=\"async\" width=\"800\" height=\"413\" src=\"https:\/\/avilaspaces.com\/wp-content\/uploads\/2025\/06\/medi_3.png\" class=\"attachment-large size-large wp-image-5114\" alt=\"\" srcset=\"https:\/\/avilaspaces.com\/wp-content\/uploads\/2025\/06\/medi_3.png 981w, https:\/\/avilaspaces.com\/wp-content\/uploads\/2025\/06\/medi_3-300x155.png 300w, https:\/\/avilaspaces.com\/wp-content\/uploads\/2025\/06\/medi_3-768x396.png 768w\" sizes=\"(max-width: 800px) 100vw, 800px\" \/>\t\t\t\t\t\t\t\t\t\t\t\t\t\t\t<\/div>\n\t\t\t\t<div class=\"elementor-element elementor-element-4472ff3 elementor-widget elementor-widget-heading\" data-id=\"4472ff3\" data-element_type=\"widget\" data-e-type=\"widget\" data-widget_type=\"heading.default\">\n\t\t\t\t\t<h2 class=\"elementor-heading-title elementor-size-default\">Como a medita\u00e7\u00e3o pode melhorar a produtividade no trabalho<\/h2>\t\t\t\t<\/div>\n\t\t\t\t<div class=\"elementor-element elementor-element-bb149bf elementor-widget elementor-widget-text-editor\" data-id=\"bb149bf\" data-element_type=\"widget\" data-e-type=\"widget\" data-widget_type=\"text-editor.default\">\n\t\t\t\t\t\t\t\t\t<ul><li data-turn-id-container=\"88f50f0a-0d9d-4d3b-a006-10fcc6a2bdbb\" data-is-intersecting=\"true\"><strong data-start=\"0\" data-end=\"35\">Aumenta o foco e a concentra\u00e7\u00e3o<br \/><\/strong>A medita\u00e7\u00e3o treina o c\u00e9rebro a resistir a distra\u00e7\u00f5es. Com uma pr\u00e1tica consistente, torna-se mais f\u00e1cil manter o foco nas tarefas, reduzir erros e concluir projetos de forma mais eficiente.<\/li><\/ul><section class=\"text-token-text-primary w-full focus:outline-none [--shadow-height:45px] has-data-writing-block:pointer-events-none has-data-writing-block:-mt-(--shadow-height) has-data-writing-block:pt-(--shadow-height) [&amp;:has([data-writing-block])&gt;*]:pointer-events-auto R6Vx5W_threadScrollVars scroll-mb-[calc(var(--scroll-root-safe-area-inset-bottom,0px)+var(--thread-response-height))] scroll-mt-[calc(var(--header-height)+min(200px,max(70px,20svh)))]\" dir=\"auto\" data-turn-id=\"request-WEB:399687c1-ef66-42c8-965e-432c9b61461b-27\" data-testid=\"conversation-turn-56\" data-scroll-anchor=\"false\" data-turn=\"assistant\"><div class=\"text-base my-auto mx-auto pb-10 [--thread-content-margin:var(--thread-content-margin-xs,calc(var(--spacing)*4))] @w-sm\/main:[--thread-content-margin:var(--thread-content-margin-sm,calc(var(--spacing)*6))] @w-lg\/main:[--thread-content-margin:var(--thread-content-margin-lg,calc(var(--spacing)*16))] px-(--thread-content-margin)\"><div class=\"[--thread-content-max-width:40rem] @w-lg\/main:[--thread-content-max-width:48rem] mx-auto max-w-(--thread-content-max-width) flex-1 group\/turn-messages focus-visible:outline-hidden relative flex w-full min-w-0 flex-col agent-turn\"><div class=\"flex max-w-full flex-col gap-4 grow\"><div class=\"min-h-8 text-message relative flex w-full flex-col items-end gap-2 text-start break-words whitespace-normal outline-none keyboard-focused:focus-ring [.text-message+&amp;]:mt-1\" dir=\"auto\" tabindex=\"0\" data-message-author-role=\"assistant\" data-message-id=\"cb18547e-f251-4517-ba28-50f063452143\" data-message-model-slug=\"gpt-5-3\" data-turn-start-message=\"true\"><div class=\"flex w-full flex-col gap-1 empty:hidden\"><div class=\"markdown prose dark:prose-invert w-full wrap-break-word light markdown-new-styling\"><ul><li data-start=\"228\" data-end=\"436\"><strong data-start=\"228\" data-end=\"258\">Reduz o stress e o burnout<\/strong><br data-start=\"258\" data-end=\"261\" \/>O stress \u00e9 um dos maiores inimigos da produtividade. A medita\u00e7\u00e3o ajuda na sua gest\u00e3o ao acalmar o sistema nervoso, promovendo uma abordagem ao trabalho mais tranquila e clara.<\/li><li data-start=\"438\" data-end=\"679\"><strong data-start=\"438\" data-end=\"474\">Aumenta a intelig\u00eancia emocional<\/strong><br data-start=\"474\" data-end=\"477\" \/>O mindfulness refor\u00e7a a autoconsci\u00eancia e a empatia \u2014 componentes essenciais da intelig\u00eancia emocional. Isto traduz-se em melhor trabalho em equipa, comunica\u00e7\u00e3o mais eficaz e melhor gest\u00e3o de conflitos.<\/li><li data-start=\"681\" data-end=\"883\"><strong data-start=\"681\" data-end=\"735\">Estimula a criatividade e a resolu\u00e7\u00e3o de problemas<\/strong><br data-start=\"735\" data-end=\"738\" \/>Quando a mente est\u00e1 calma, torna-se mais aberta a ideias inovadoras. A medita\u00e7\u00e3o cria espa\u00e7o para o pensamento criativo e para novas perspetivas.<\/li><li data-start=\"885\" data-end=\"1096\"><strong data-start=\"885\" data-end=\"929\">Aumenta a resili\u00eancia e a adaptabilidade<\/strong><br data-start=\"929\" data-end=\"932\" \/>A medita\u00e7\u00e3o ajuda a lidar melhor com mudan\u00e7as constantes e contratempos, permitindo uma recupera\u00e7\u00e3o mais r\u00e1pida e a manuten\u00e7\u00e3o de um desempenho est\u00e1vel sob press\u00e3o.<\/li><\/ul><\/div><\/div><\/div><\/div><\/div><\/div><\/section>\t\t\t\t\t\t\t\t<\/div>\n\t\t\t\t<div class=\"elementor-element elementor-element-4dab996 elementor-widget elementor-widget-image\" data-id=\"4dab996\" data-element_type=\"widget\" data-e-type=\"widget\" data-widget_type=\"image.default\">\n\t\t\t\t\t\t\t\t\t\t\t\t\t\t\t<img decoding=\"async\" width=\"800\" height=\"413\" src=\"https:\/\/avilaspaces.com\/wp-content\/uploads\/2025\/06\/medi_2.png\" class=\"attachment-large size-large wp-image-5115\" alt=\"\" srcset=\"https:\/\/avilaspaces.com\/wp-content\/uploads\/2025\/06\/medi_2.png 981w, https:\/\/avilaspaces.com\/wp-content\/uploads\/2025\/06\/medi_2-300x155.png 300w, https:\/\/avilaspaces.com\/wp-content\/uploads\/2025\/06\/medi_2-768x396.png 768w\" sizes=\"(max-width: 800px) 100vw, 800px\" \/>\t\t\t\t\t\t\t\t\t\t\t\t\t\t\t<\/div>\n\t\t\t\t<div class=\"elementor-element elementor-element-6099877 elementor-widget elementor-widget-heading\" data-id=\"6099877\" data-element_type=\"widget\" data-e-type=\"widget\" data-widget_type=\"heading.default\">\n\t\t\t\t\t<h2 class=\"elementor-heading-title elementor-size-default\">Incorporar a Medita\u00e7\u00e3o no Local de Trabalho<\/h2>\t\t\t\t<\/div>\n\t\t\t\t<div class=\"elementor-element elementor-element-9da9d6d elementor-widget elementor-widget-text-editor\" data-id=\"9da9d6d\" data-element_type=\"widget\" data-e-type=\"widget\" data-widget_type=\"text-editor.default\">\n\t\t\t\t\t\t\t\t\t<div class=\"\" data-turn-id-container=\"fa6a732f-b89d-44b4-b9e9-c1325264f587\" data-is-intersecting=\"true\">No Avila Spaces, temos a nossa sess\u00e3o semanal de medita\u00e7\u00e3o: \u00e0s ter\u00e7as-feiras no Atrium Saldanha e \u00e0s quartas-feiras no Parque das Na\u00e7\u00f5es. Venha experimentar.<\/div><div class=\"\" data-turn-id-container=\"request-WEB:399687c1-ef66-42c8-965e-432c9b61461b-24\" data-is-intersecting=\"true\"><section class=\"text-token-text-primary w-full focus:outline-none [--shadow-height:45px] has-data-writing-block:pointer-events-none has-data-writing-block:-mt-(--shadow-height) has-data-writing-block:pt-(--shadow-height) [&amp;:has([data-writing-block])&gt;*]:pointer-events-auto R6Vx5W_threadScrollVars scroll-mb-[calc(var(--scroll-root-safe-area-inset-bottom,0px)+var(--thread-response-height))] scroll-mt-[calc(var(--header-height)+min(200px,max(70px,20svh)))]\" dir=\"auto\" data-turn-id=\"request-WEB:399687c1-ef66-42c8-965e-432c9b61461b-24\" data-testid=\"conversation-turn-50\" data-scroll-anchor=\"false\" data-turn=\"assistant\"><div class=\"text-base my-auto mx-auto pb-10 [--thread-content-margin:var(--thread-content-margin-xs,calc(var(--spacing)*4))] @w-sm\/main:[--thread-content-margin:var(--thread-content-margin-sm,calc(var(--spacing)*6))] @w-lg\/main:[--thread-content-margin:var(--thread-content-margin-lg,calc(var(--spacing)*16))] px-(--thread-content-margin)\"><div class=\"[--thread-content-max-width:40rem] @w-lg\/main:[--thread-content-max-width:48rem] mx-auto max-w-(--thread-content-max-width) flex-1 group\/turn-messages focus-visible:outline-hidden relative flex w-full min-w-0 flex-col agent-turn\"><div class=\"flex max-w-full flex-col gap-4 grow\"><div class=\"min-h-8 text-message relative flex w-full flex-col items-end gap-2 text-start break-words whitespace-normal outline-none keyboard-focused:focus-ring [.text-message+&amp;]:mt-1\" dir=\"auto\" tabindex=\"0\" data-message-author-role=\"assistant\" data-message-id=\"4e567503-3d50-4f37-aed6-1f0aae5eef41\" data-message-model-slug=\"gpt-5-3\" data-turn-start-message=\"true\"><div class=\"flex w-full flex-col gap-1 empty:hidden\"><div class=\"markdown prose dark:prose-invert w-full wrap-break-word light markdown-new-styling\"><p data-start=\"151\" data-end=\"300\">Pode n\u00e3o notar os benef\u00edcios da pr\u00e1tica imediatamente, mas com consist\u00eancia, come\u00e7ar\u00e1 a sentir mudan\u00e7as no seu bem-estar e na sua rotina de trabalho.<\/p><p data-start=\"302\" data-end=\"339\" data-is-last-node=\"\" data-is-only-node=\"\">Junte-se a n\u00f3s nesta pr\u00e1tica semanal.<\/p><\/div><\/div><\/div><\/div><\/div><\/div><\/section><\/div>\t\t\t\t\t\t\t\t<\/div>\n\t\t\t\t<div class=\"elementor-element elementor-element-74c072e elementor-widget elementor-widget-image\" data-id=\"74c072e\" data-element_type=\"widget\" data-e-type=\"widget\" data-widget_type=\"image.default\">\n\t\t\t\t\t\t\t\t\t\t\t\t\t\t\t<img decoding=\"async\" width=\"800\" height=\"413\" src=\"https:\/\/avilaspaces.com\/wp-content\/uploads\/2025\/06\/meditacao_imagem_texto_981x506.png\" class=\"attachment-large size-large wp-image-5116\" alt=\"\" srcset=\"https:\/\/avilaspaces.com\/wp-content\/uploads\/2025\/06\/meditacao_imagem_texto_981x506.png 981w, https:\/\/avilaspaces.com\/wp-content\/uploads\/2025\/06\/meditacao_imagem_texto_981x506-300x155.png 300w, https:\/\/avilaspaces.com\/wp-content\/uploads\/2025\/06\/meditacao_imagem_texto_981x506-768x396.png 768w\" sizes=\"(max-width: 800px) 100vw, 800px\" \/>\t\t\t\t\t\t\t\t\t\t\t\t\t\t\t<\/div>\n\t\t\t\t<div class=\"elementor-element elementor-element-329d6db elementor-widget elementor-widget-text-editor\" data-id=\"329d6db\" data-element_type=\"widget\" data-e-type=\"widget\" data-widget_type=\"text-editor.default\">\n\t\t\t\t\t\t\t\t\t<div><div class=\"\" data-turn-id-container=\"fefd1cd8-eb21-470a-903d-33123512956a\" data-is-intersecting=\"true\">Em conclus\u00e3o, vejamos a pr\u00e1tica da medita\u00e7\u00e3o como um investimento no desempenho mental e no bem-estar no local de trabalho.<\/div><div class=\"\" data-turn-id-container=\"request-WEB:399687c1-ef66-42c8-965e-432c9b61461b-23\" data-is-intersecting=\"true\"><section class=\"text-token-text-primary w-full focus:outline-none [--shadow-height:45px] has-data-writing-block:pointer-events-none has-data-writing-block:-mt-(--shadow-height) has-data-writing-block:pt-(--shadow-height) [&amp;:has([data-writing-block])&gt;*]:pointer-events-auto R6Vx5W_threadScrollVars scroll-mb-[calc(var(--scroll-root-safe-area-inset-bottom,0px)+var(--thread-response-height))] scroll-mt-[calc(var(--header-height)+min(200px,max(70px,20svh)))]\" dir=\"auto\" data-turn-id=\"request-WEB:399687c1-ef66-42c8-965e-432c9b61461b-23\" data-testid=\"conversation-turn-48\" data-scroll-anchor=\"false\" data-turn=\"assistant\"><div class=\"text-base my-auto mx-auto pb-10 [--thread-content-margin:var(--thread-content-margin-xs,calc(var(--spacing)*4))] @w-sm\/main:[--thread-content-margin:var(--thread-content-margin-sm,calc(var(--spacing)*6))] @w-lg\/main:[--thread-content-margin:var(--thread-content-margin-lg,calc(var(--spacing)*16))] px-(--thread-content-margin)\"><div class=\"[--thread-content-max-width:40rem] @w-lg\/main:[--thread-content-max-width:48rem] mx-auto max-w-(--thread-content-max-width) flex-1 group\/turn-messages focus-visible:outline-hidden relative flex w-full min-w-0 flex-col agent-turn\"><div class=\"flex max-w-full flex-col gap-4 grow\"><div class=\"min-h-8 text-message relative flex w-full flex-col items-end gap-2 text-start break-words whitespace-normal outline-none keyboard-focused:focus-ring [.text-message+&amp;]:mt-1\" dir=\"auto\" tabindex=\"0\" data-message-author-role=\"assistant\" data-message-id=\"e6150ad0-da1c-41a8-be7a-6d91755a82fe\" data-message-model-slug=\"gpt-5-3\" data-turn-start-message=\"true\"><div class=\"flex w-full flex-col gap-1 empty:hidden\"><div class=\"markdown prose dark:prose-invert w-full wrap-break-word light markdown-new-styling\"><p data-start=\"125\" data-end=\"341\" data-is-last-node=\"\" data-is-only-node=\"\">Ao integrar a medita\u00e7\u00e3o na rotina profissional, tanto a n\u00edvel individual como organizacional, podemos alcan\u00e7ar um aumento da produtividade, uma melhoria da autoestima e um ambiente de trabalho mais focado e inovador.<\/p><\/div><\/div><\/div><\/div><\/div><\/div><\/section><\/div><\/div><div><p><span style=\"text-decoration: underline; color: #000000;\"><a style=\"color: #000000; text-decoration: underline;\" href=\"http:\/\/www.linkedin.com\/in\/alexandra-franco-8087a87\/\" target=\"_blank\" rel=\"noopener\">Alexandra Franco, Yoga &amp; Meditation Instructor<\/a><\/span><\/p><\/div>\t\t\t\t\t\t\t\t<\/div>\n\t\t\t\t\t<\/div>\n\t\t\t\t<\/div>\n\t\t\t\t<\/div>\n\t\t<div class=\"elementor-element elementor-element-cdabe8b e-flex e-con-boxed e-con e-parent\" data-id=\"cdabe8b\" data-element_type=\"container\" data-e-type=\"container\">\n\t\t\t\t\t<div class=\"e-con-inner\">\n\t\t\t\t<div class=\"elementor-element elementor-element-767459a elementor-widget-divider--view-line elementor-widget elementor-widget-divider\" data-id=\"767459a\" data-element_type=\"widget\" data-e-type=\"widget\" data-widget_type=\"divider.default\">\n\t\t\t\t\t\t\t<div class=\"elementor-divider\">\n\t\t\t<span class=\"elementor-divider-separator\">\n\t\t\t\t\t\t<\/span>\n\t\t<\/div>\n\t\t\t\t\t\t<\/div>\n\t\t\t\t\t<\/div>\n\t\t\t\t<\/div>\n\t\t<div class=\"elementor-element elementor-element-2481dcb e-con-full e-flex e-con e-parent\" data-id=\"2481dcb\" data-element_type=\"container\" data-e-type=\"container\">\n\t\t\t\t<div class=\"elementor-element elementor-element-c86f19c elementor-widget elementor-widget-shortcode\" data-id=\"c86f19c\" data-element_type=\"widget\" data-e-type=\"widget\" data-widget_type=\"shortcode.default\">\n\t\t\t\t\t\t\t<div class=\"elementor-shortcode\">\t\t<div data-elementor-type=\"section\" data-elementor-id=\"5749\" class=\"elementor elementor-5749 elementor-2921\" data-elementor-post-type=\"elementor_library\">\n\t\t\t<div class=\"elementor-element elementor-element-a2fcb72 e-con-full e-flex e-con e-parent\" data-id=\"a2fcb72\" data-element_type=\"container\" data-e-type=\"container\">\n\t\t<div class=\"elementor-element elementor-element-6e708d0 e-flex e-con-boxed e-con e-child\" data-id=\"6e708d0\" data-element_type=\"container\" data-e-type=\"container\">\n\t\t\t\t\t<div class=\"e-con-inner\">\n\t\t\t\t<div class=\"elementor-element elementor-element-8fb6688 elementor-align-justify elementor-widget__width-initial news-tab-show elementor-widget elementor-widget-button\" data-id=\"8fb6688\" data-element_type=\"widget\" data-e-type=\"widget\" id=\"read-more\" data-widget_type=\"button.default\">\n\t\t\t\t\t\t\t\t\t\t<a class=\"elementor-button elementor-size-sm\" role=\"button\">\n\t\t\t\t\t\t<span class=\"elementor-button-content-wrapper\">\n\t\t\t\t\t\t\t\t\t<span class=\"elementor-button-text\">read more<\/span>\n\t\t\t\t\t<\/span>\n\t\t\t\t\t<\/a>\n\t\t\t\t\t\t\t\t<\/div>\n\t\t\t\t<div class=\"elementor-element elementor-element-a498d68 elementor-align-justify elementor-widget__width-initial news-tab-show elementor-widget elementor-widget-button\" data-id=\"a498d68\" data-element_type=\"widget\" data-e-type=\"widget\" id=\"featured\" data-widget_type=\"button.default\">\n\t\t\t\t\t\t\t\t\t\t<a class=\"elementor-button elementor-size-sm\" role=\"button\">\n\t\t\t\t\t\t<span class=\"elementor-button-content-wrapper\">\n\t\t\t\t\t\t\t\t\t<span class=\"elementor-button-text\">featured<\/span>\n\t\t\t\t\t<\/span>\n\t\t\t\t\t<\/a>\n\t\t\t\t\t\t\t\t<\/div>\n\t\t\t\t\t<\/div>\n\t\t\t\t<\/div>\n\t\t<div class=\"elementor-element elementor-element-551e6af e-flex e-con-boxed e-con e-child\" data-id=\"551e6af\" data-element_type=\"container\" data-e-type=\"container\">\n\t\t\t\t\t<div class=\"e-con-inner\">\n\t\t<div class=\"elementor-element elementor-element-5315e34 e-con-full news-content-show e-flex e-con e-child\" data-id=\"5315e34\" data-element_type=\"container\" data-e-type=\"container\" id=\"read-more\">\n\t\t\t\t<div class=\"elementor-element elementor-element-3b043a7 elementor-hidden-tablet elementor-hidden-mobile elementor-widget elementor-widget-heading\" data-id=\"3b043a7\" data-element_type=\"widget\" data-e-type=\"widget\" data-widget_type=\"heading.default\">\n\t\t\t\t\t<h5 class=\"elementor-heading-title elementor-size-default\">Leia mais<\/h5>\t\t\t\t<\/div>\n\t\t\t\t<div class=\"elementor-element elementor-element-e042585 elementor-grid-1 elementor-posts--thumbnail-left home-skin-blog elementor-grid-tablet-1 elementor-grid-mobile-1 elementor-widget elementor-widget-posts\" data-id=\"e042585\" data-element_type=\"widget\" data-e-type=\"widget\" data-settings=\"{&quot;skin_blog_columns&quot;:&quot;1&quot;,&quot;skin_blog_row_gap&quot;:{&quot;unit&quot;:&quot;px&quot;,&quot;size&quot;:24,&quot;sizes&quot;:[]},&quot;skin_blog_columns_tablet&quot;:&quot;1&quot;,&quot;skin_blog_columns_mobile&quot;:&quot;1&quot;,&quot;skin_blog_row_gap_laptop&quot;:{&quot;unit&quot;:&quot;px&quot;,&quot;size&quot;:&quot;&quot;,&quot;sizes&quot;:[]},&quot;skin_blog_row_gap_tablet&quot;:{&quot;unit&quot;:&quot;px&quot;,&quot;size&quot;:&quot;&quot;,&quot;sizes&quot;:[]},&quot;skin_blog_row_gap_mobile&quot;:{&quot;unit&quot;:&quot;px&quot;,&quot;size&quot;:&quot;&quot;,&quot;sizes&quot;:[]}}\" data-widget_type=\"posts.skin_blog\">\n\t\t\t\t<div class=\"elementor-widget-container\">\n\t\t\t\t\t\t\t<div class=\"elementor-posts-container elementor-posts elementor-posts--skin-skin_blog elementor-grid\" role=\"list\">\n\t\t        <article class=\"elementor-post elementor-grid-item post-17455 post type-post status-publish format-standard has-post-thumbnail hentry category-noticias-da-empresa\">\n            \n            <a href=\"https:\/\/avilaspaces.com\/pt\/blog\/noticias-da-empresa\/avila-spaces-e-great-place-to-work-2026\/\" class=\"elementor-post__thumbnail__link\">\n                <div class=\"elementor-post__thumbnail\">\n                                            <img decoding=\"async\" src=\"https:\/\/avilaspaces.com\/wp-content\/uploads\/2026\/04\/Eventos-Office-RnD-10-1.jpg\" alt=\"Avila Spaces \u00e9 Great Place to Work 2026\">\n                                    <\/div>\n            <\/a>\n        \n            <div class=\"elementor-post__text\">\n            \n                <div class=\"elementor-post__meta-data\">\n                                                                        <span class=\"elementor-post__category\">Not\u00edcias da empresa<\/span>\n                                                            <\/div>\n                \n                \t\t<h5 class=\"elementor-post__title\">\n\t\t\t<a href=\"https:\/\/avilaspaces.com\/pt\/blog\/noticias-da-empresa\/avila-spaces-e-great-place-to-work-2026\/\">\n\t\t\t\tAvila Spaces \u00e9 Great Place to Work 2026\t\t\t<\/a>\n\t\t<\/h5>\n\t\t                \n                                \n                                    \n            <\/div>\n        \n        <\/article>\n                <article class=\"elementor-post elementor-grid-item post-21451 post type-post status-publish format-standard has-post-thumbnail hentry category-noticias-da-empresa\">\n            \n            <a href=\"https:\/\/avilaspaces.com\/pt\/blog\/noticias-da-empresa\/5-razoes-para-trabalhar-em-lisboa-portugal\/\" class=\"elementor-post__thumbnail__link\">\n                <div class=\"elementor-post__thumbnail\">\n                                            <img decoding=\"async\" src=\"https:\/\/avilaspaces.com\/wp-content\/uploads\/2025\/10\/Avila-Lounge-Atrium-12-3-scaled.jpg\" alt=\"5 raz\u00f5es para trabalhar em Lisboa, Portugal\">\n                                    <\/div>\n            <\/a>\n        \n            <div class=\"elementor-post__text\">\n            \n                <div class=\"elementor-post__meta-data\">\n                                                                        <span class=\"elementor-post__category\">Not\u00edcias da empresa<\/span>\n                                                            <\/div>\n                \n                \t\t<h5 class=\"elementor-post__title\">\n\t\t\t<a href=\"https:\/\/avilaspaces.com\/pt\/blog\/noticias-da-empresa\/5-razoes-para-trabalhar-em-lisboa-portugal\/\">\n\t\t\t\t5 raz\u00f5es para trabalhar em Lisboa, Portugal\t\t\t<\/a>\n\t\t<\/h5>\n\t\t                \n                                \n                                    \n            <\/div>\n        \n        <\/article>\n                <article class=\"elementor-post elementor-grid-item post-5744 post type-post status-publish format-standard has-post-thumbnail hentry category-destaque category-virtual-office\">\n            \n            <a href=\"https:\/\/avilaspaces.com\/pt\/blog\/destaque\/the-importance-of-wellbeing-in-talent-retention\/\" class=\"elementor-post__thumbnail__link\">\n                <div class=\"elementor-post__thumbnail\">\n                                            <img decoding=\"async\" src=\"https:\/\/avilaspaces.com\/wp-content\/uploads\/2025\/10\/Homem-a-trabalhar-em-lounge-moderno-1.png\" alt=\"A import\u00e2ncia do bem-estar na reten\u00e7\u00e3o de talentos\">\n                                    <\/div>\n            <\/a>\n        \n            <div class=\"elementor-post__text\">\n            \n                <div class=\"elementor-post__meta-data\">\n                                                                        <span class=\"elementor-post__category\">Escrit\u00f3rio Virtual<\/span>\n                                                            <\/div>\n                \n                \t\t<h5 class=\"elementor-post__title\">\n\t\t\t<a href=\"https:\/\/avilaspaces.com\/pt\/blog\/destaque\/the-importance-of-wellbeing-in-talent-retention\/\">\n\t\t\t\tA import\u00e2ncia do bem-estar na reten\u00e7\u00e3o de talentos\t\t\t<\/a>\n\t\t<\/h5>\n\t\t                \n                                \n                                    \n            <\/div>\n        \n        <\/article>\n        \t\t<\/div>\n\t\t\n\t\t\t\t\t\t<\/div>\n\t\t\t\t<\/div>\n\t\t\t\t<\/div>\n\t\t<div class=\"elementor-element elementor-element-a6777b9 e-con-full news-content-show e-flex e-con e-child\" data-id=\"a6777b9\" data-element_type=\"container\" data-e-type=\"container\" id=\"featured\">\n\t\t\t\t<div class=\"elementor-element elementor-element-2e32761 elementor-hidden-tablet elementor-hidden-mobile elementor-widget elementor-widget-heading\" data-id=\"2e32761\" data-element_type=\"widget\" data-e-type=\"widget\" data-widget_type=\"heading.default\">\n\t\t\t\t\t<h5 class=\"elementor-heading-title elementor-size-default\">not\u00edcias em destaque<\/h5>\t\t\t\t<\/div>\n\t\t\t\t<\/div>\n\t\t\t\t\t<\/div>\n\t\t\t\t<\/div>\n\t\t\t\t<\/div>\n\t\t\t\t<\/div>\n\t\t<\/div>\n\t\t\t\t\t\t<\/div>\n\t\t\t\t<\/div>\n\t\t\t\t<\/div>\n\t\t","protected":false},"excerpt":{"rendered":"<p>In the modern, fast-paced workplace, productivity often feels like a race against time&#8230;.<\/p>\n","protected":false},"author":8,"featured_media":21240,"comment_status":"open","ping_status":"open","sticky":false,"template":"elementor_header_footer","format":"standard","meta":{"_acf_changed":false,"inline_featured_image":false,"footnotes":""},"categories":[47],"tags":[],"class_list":["post-21514","post","type-post","status-publish","format-standard","has-post-thumbnail","hentry","category-espaco-de-escritorios"],"acf":[],"_links":{"self":[{"href":"https:\/\/avilaspaces.com\/pt\/wp-json\/wp\/v2\/posts\/21514","targetHints":{"allow":["GET"]}}],"collection":[{"href":"https:\/\/avilaspaces.com\/pt\/wp-json\/wp\/v2\/posts"}],"about":[{"href":"https:\/\/avilaspaces.com\/pt\/wp-json\/wp\/v2\/types\/post"}],"author":[{"embeddable":true,"href":"https:\/\/avilaspaces.com\/pt\/wp-json\/wp\/v2\/users\/8"}],"replies":[{"embeddable":true,"href":"https:\/\/avilaspaces.com\/pt\/wp-json\/wp\/v2\/comments?post=21514"}],"version-history":[{"count":5,"href":"https:\/\/avilaspaces.com\/pt\/wp-json\/wp\/v2\/posts\/21514\/revisions"}],"predecessor-version":[{"id":21520,"href":"https:\/\/avilaspaces.com\/pt\/wp-json\/wp\/v2\/posts\/21514\/revisions\/21520"}],"wp:featuredmedia":[{"embeddable":true,"href":"https:\/\/avilaspaces.com\/pt\/wp-json\/wp\/v2\/media\/21240"}],"wp:attachment":[{"href":"https:\/\/avilaspaces.com\/pt\/wp-json\/wp\/v2\/media?parent=21514"}],"wp:term":[{"taxonomy":"category","embeddable":true,"href":"https:\/\/avilaspaces.com\/pt\/wp-json\/wp\/v2\/categories?post=21514"},{"taxonomy":"post_tag","embeddable":true,"href":"https:\/\/avilaspaces.com\/pt\/wp-json\/wp\/v2\/tags?post=21514"}],"curies":[{"name":"wp","href":"https:\/\/api.w.org\/{rel}","templated":true}]}}